{"id":15921,"date":"2025-04-09T13:19:22","date_gmt":"2025-04-09T20:19:22","guid":{"rendered":"https:\/\/lasnoticiasconjoselecota.com\/v1\/?p=15921"},"modified":"2025-04-09T13:19:23","modified_gmt":"2025-04-09T20:19:23","slug":"dif-sinaloa-presente-en-la-14-conferencia-nacional-de-procuradoras-y-procuradores-de-proteccion-de-ninas-ninos-y-adolescentesdra-eneyda-rocha-ruiz-presidenta-de-dif-sinaloa","status":"publish","type":"post","link":"https:\/\/lasnoticiasconjoselecota.com\/v1\/estatal\/dif-sinaloa-presente-en-la-14-conferencia-nacional-de-procuradoras-y-procuradores-de-proteccion-de-ninas-ninos-y-adolescentesdra-eneyda-rocha-ruiz-presidenta-de-dif-sinaloa\/","title":{"rendered":"DIF SINALOA PRESENTE EN LA 14\u00b0 CONFERENCIA NACIONAL DE PROCURADORAS Y PROCURADORES DE PROTECCI\u00d3N DE NI\u00d1AS, NI\u00d1OS Y ADOLESCENTESDRA. ENEYDA ROCHA RUIZ, PRESIDENTA DE DIF SINALOA"},"content":{"rendered":"\n<p><em>DIF SINALOA PARTICIPA EN LA 14\u00b0 CONFERENCIA NACIONAL DE PROCURADORAS Y PROCURADORES DE PROTECCI\u00d3N DE NI\u00d1AS, NI\u00d1OS Y ADOLESCENTES<\/em><\/p>\n\n\n\n<p><em>Zacatecas a 9 de abril del 2025.-<\/em> Con el fin de garantizar el cuidado y la protecci\u00f3n de la ni\u00f1ez y sus derechos, el Sistema DIF Sinaloa estuvo presente en la inauguraci\u00f3n de la 14\u00aa Conferencia Nacional de Procuradoras y Procuradores de Protecci\u00f3n de Ni\u00f1as, Ni\u00f1os y Adolescentes la cual se desarrollar\u00e1 en la ciudad de Zacatecas del 9 al 11 de abril del presente a\u00f1o.<\/p>\n\n\n\n<p>Por parte del sistema DIF Sinaloa, acudi\u00f3 la Dra. Eneyda Rocha Ruiz, presidenta de la instituci\u00f3n, la directora general, Lic. Mercedes Ibarra Medina y la procuradora de DIF Sinaloa, Lic. Faviola Biridiana C\u00e1rdenas Qui\u00f1\u00f3nez, esta actividad tiene como objetivo crear un espacio de di\u00e1logo constructivo en donde se aborden temas de los derechos de la ni\u00f1ez en contexto de movilidad, procesos de adopci\u00f3n, legislaci\u00f3n, creaci\u00f3n de las procuradur\u00edas municipales, trabajado que realizan las procuradur\u00edas en atenci\u00f3n a la promoci\u00f3n, protecci\u00f3n y restituci\u00f3n de los derechos de las ni\u00f1as, ni\u00f1os y adolescentes.<\/p>\n\n\n\n<p>En ese sentido, la doctora Eneyda Rocha Ruiz destac\u00f3 el compromiso junto al sistema Nacional DIF \u00abpara trabajar en conjunto y garantizar una vida de violencia y con acceso a los derechos para cada ni\u00f1a, ni\u00f1o y adolescente, de ah\u00ed la importancia de estar presente en eventos que aborden temas claves para fortalecer las estrategias de atenci\u00f3n a la ni\u00f1ez en Sinaloa y M\u00e9xico\u00bb.<\/p>\n\n\n\n<p>Por su parte, la titular del sistema DIF Nacional, Mar\u00eda del Roc\u00edo Garc\u00eda P\u00e9rez, expres\u00f3 que con la conferencia se busca la uni\u00f3n y el trabajo en conjunto por la ni\u00f1ez. \u201cProteger los derechos y garantizarlos, queremos ni\u00f1as y ni\u00f1os contentos y felices, una infancia sana y saludable con mucho amor.\u201d<\/p>\n\n\n\n<p>En el evento de inauguraci\u00f3n estuvieron presentes el gobernador de Zacatecas, David Monreal \u00c1vila, la presidenta de DIF Zacatecas, Sara Hern\u00e1ndez de Monreal, la Procuradora Federal de Ni\u00f1as, Ni\u00f1os y Adolescentes, Fabiola Salas Ambriz, presidentas, presidentes, directores, directoras, procuradoras y procuradores de los sistemas DIF.<\/p>\n\n\n\n<figure class=\"wp-block-gallery has-nested-images columns-default is-cropped wp-block-gallery-2 is-layout-flex wp-block-gallery-is-layout-flex\">\n<figure class=\"wp-block-image size-large\"><img loading=\"lazy\" decoding=\"async\" width=\"1024\" height=\"682\" data-id=\"15922\" src=\"https:\/\/lasnoticiasconjoselecota.com\/v1\/wp-content\/uploads\/2025\/04\/1000498424-1024x682.jpg\" alt=\"\" class=\"wp-image-15922\" srcset=\"https:\/\/lasnoticiasconjoselecota.com\/v1\/wp-content\/uploads\/2025\/04\/1000498424-1024x682.jpg 1024w, https:\/\/lasnoticiasconjoselecota.com\/v1\/wp-content\/uploads\/2025\/04\/1000498424-300x200.jpg 300w, https:\/\/lasnoticiasconjoselecota.com\/v1\/wp-content\/uploads\/2025\/04\/1000498424-768x512.jpg 768w, https:\/\/lasnoticiasconjoselecota.com\/v1\/wp-content\/uploads\/2025\/04\/1000498424-1536x1023.jpg 1536w, https:\/\/lasnoticiasconjoselecota.com\/v1\/wp-content\/uploads\/2025\/04\/1000498424.jpg 1600w\" sizes=\"auto, (max-width: 1024px) 100vw, 1024px\" \/><\/figure>\n\n\n\n<figure class=\"wp-block-image size-large\"><img loading=\"lazy\" decoding=\"async\" width=\"1024\" height=\"682\" data-id=\"15923\" src=\"https:\/\/lasnoticiasconjoselecota.com\/v1\/wp-content\/uploads\/2025\/04\/1000498426-1024x682.jpg\" alt=\"\" class=\"wp-image-15923\" srcset=\"https:\/\/lasnoticiasconjoselecota.com\/v1\/wp-content\/uploads\/2025\/04\/1000498426-1024x682.jpg 1024w, https:\/\/lasnoticiasconjoselecota.com\/v1\/wp-content\/uploads\/2025\/04\/1000498426-300x200.jpg 300w, https:\/\/lasnoticiasconjoselecota.com\/v1\/wp-content\/uploads\/2025\/04\/1000498426-768x512.jpg 768w, https:\/\/lasnoticiasconjoselecota.com\/v1\/wp-content\/uploads\/2025\/04\/1000498426-1536x1023.jpg 1536w, https:\/\/lasnoticiasconjoselecota.com\/v1\/wp-content\/uploads\/2025\/04\/1000498426.jpg 1600w\" sizes=\"auto, (max-width: 1024px) 100vw, 1024px\" \/><\/figure>\n<\/figure>\n","protected":false},"excerpt":{"rendered":"<p>DIF SINALOA PARTICIPA EN LA 14\u00b0 CONFERENCIA NACIONAL DE PROCURADORAS Y PROCURADORES DE PROTECCI\u00d3N DE NI\u00d1AS, NI\u00d1OS Y ADOLESCENTES Zacatecas a 9 de abril del 2025.- Con el fin de&hellip; <\/p>\n","protected":false},"author":3,"featured_media":15924,"comment_status":"open","ping_status":"closed","sticky":false,"template":"","format":"standard","meta":{"footnotes":""},"categories":[15],"tags":[],"class_list":["post-15921","post","type-post","status-publish","format-standard","has-post-thumbnail","hentry","category-estatal"],"_links":{"self":[{"href":"https:\/\/lasnoticiasconjoselecota.com\/v1\/wp-json\/wp\/v2\/posts\/15921","targetHints":{"allow":["GET"]}}],"collection":[{"href":"https:\/\/lasnoticiasconjoselecota.com\/v1\/wp-json\/wp\/v2\/posts"}],"about":[{"href":"https:\/\/lasnoticiasconjoselecota.com\/v1\/wp-json\/wp\/v2\/types\/post"}],"author":[{"embeddable":true,"href":"https:\/\/lasnoticiasconjoselecota.com\/v1\/wp-json\/wp\/v2\/users\/3"}],"replies":[{"embeddable":true,"href":"https:\/\/lasnoticiasconjoselecota.com\/v1\/wp-json\/wp\/v2\/comments?post=15921"}],"version-history":[{"count":1,"href":"https:\/\/lasnoticiasconjoselecota.com\/v1\/wp-json\/wp\/v2\/posts\/15921\/revisions"}],"predecessor-version":[{"id":15925,"href":"https:\/\/lasnoticiasconjoselecota.com\/v1\/wp-json\/wp\/v2\/posts\/15921\/revisions\/15925"}],"wp:featuredmedia":[{"embeddable":true,"href":"https:\/\/lasnoticiasconjoselecota.com\/v1\/wp-json\/wp\/v2\/media\/15924"}],"wp:attachment":[{"href":"https:\/\/lasnoticiasconjoselecota.com\/v1\/wp-json\/wp\/v2\/media?parent=15921"}],"wp:term":[{"taxonomy":"category","embeddable":true,"href":"https:\/\/lasnoticiasconjoselecota.com\/v1\/wp-json\/wp\/v2\/categories?post=15921"},{"taxonomy":"post_tag","embeddable":true,"href":"https:\/\/lasnoticiasconjoselecota.com\/v1\/wp-json\/wp\/v2\/tags?post=15921"}],"curies":[{"name":"wp","href":"https:\/\/api.w.org\/{rel}","templated":true}]}}