{"id":15926,"date":"2025-04-09T15:57:41","date_gmt":"2025-04-09T22:57:41","guid":{"rendered":"https:\/\/lasnoticiasconjoselecota.com\/v1\/?p=15926"},"modified":"2025-04-09T15:58:25","modified_gmt":"2025-04-09T22:58:25","slug":"lupita-lopez-participa-en-la-colocacion-de-la-primera-piedra-del-puente-que-conectara-a-las-glorias-y-boca-del-rio-con-bellavista","status":"publish","type":"post","link":"https:\/\/lasnoticiasconjoselecota.com\/v1\/locales\/lupita-lopez-participa-en-la-colocacion-de-la-primera-piedra-del-puente-que-conectara-a-las-glorias-y-boca-del-rio-con-bellavista\/","title":{"rendered":"Lupita L\u00f3pez participa en la colocaci\u00f3n de la primera piedra del puente que conectar\u00e1 a Las Glorias y Boca del R\u00edo con Bellavista"},"content":{"rendered":"\n<p>La presidenta municipal de Salvador Alvarado agradeci\u00f3 al gobernador Rub\u00e9n Rocha Moya por impulsar obras que, adem\u00e1s de potenciar el turismo en la regi\u00f3n, permiten una mejor conectividad y una mayor derrama econ\u00f3mica en beneficio de todo el estado de Sinaloa<\/p>\n\n\n\n<p>Guasave, Sinaloa; a 09 de abril de 2025.- La presidenta municipal de Salvador Alvarado, Lupita L\u00f3pez Gonz\u00e1lez, acompa\u00f1\u00f3 al gobernador Rub\u00e9n Rocha Moya en la colocaci\u00f3n de la primera piedra del puente que conectar\u00e1 las playas de Las Glorias y Boca del R\u00edo con Bellavista, un evento que marca un parteaguas en la conectividad tur\u00edstica de la regi\u00f3n. Esta obra, que forma parte del Plan Sinaloa, tiene como objetivo detonar el turismo, la econom\u00eda y la integraci\u00f3n social de esta zona del estado.<\/p>\n\n\n\n<p>Lupita L\u00f3pez Gonz\u00e1lez expres\u00f3 a Rocha Moya su entusiasmo y agradecimiento por la realizaci\u00f3n de esta esperada obra, que representa un anhelo compartido por los habitantes de ambos municipios. En su mensaje, reconoci\u00f3 el liderazgo y la visi\u00f3n del gobernador al impulsar proyectos que abonan al desarrollo integral de Sinaloa.<\/p>\n\n\n\n<p>\u201cEsta obra generar\u00e1 un gran polo de desarrollo, detonar\u00e1 el turismo y, por ende, tambi\u00e9n generar\u00e1 empleos. Aplaudimos esta visi\u00f3n de nuestro gobernador, siempre ocupado y preocupado por el bienestar del pueblo\u201d, manifest\u00f3 la alcaldesa.<\/p>\n\n\n\n<p>L\u00f3pez Gonz\u00e1lez subray\u00f3 la importancia de Bellavista como uno de los destinos tur\u00edsticos m\u00e1s visitados por la ciudadan\u00eda de la regi\u00f3n del \u00c9vora, especialmente durante Semana Santa, donde se estima que m\u00e1s de 70 mil visitantes acuden a disfrutar de estas playas cada a\u00f1o. Resalt\u00f3 tambi\u00e9n que muchas familias alvaradenses tienen casas de descanso en esta zona costera, lo que refuerza el v\u00ednculo social y tur\u00edstico entre Salvador Alvarado y Guasave.<\/p>\n\n\n\n<p>Por su parte, el gobernador Rub\u00e9n Rocha Moya inform\u00f3 que el puente tendr\u00e1 una longitud de 300 metros y estar\u00e1 conectado mediante 1.8 kil\u00f3metros de carretera hasta la playa Bellavista. Detall\u00f3 que la obra contar\u00e1 con una autopista vehicular, pasos peatonales, rampas de acceso y cinco miradores. La inversi\u00f3n total ser\u00e1 de 277.2 millones de pesos y se estima un tiempo de construcci\u00f3n de 20 meses.<\/p>\n\n\n\n<figure class=\"wp-block-gallery has-nested-images columns-default is-cropped wp-block-gallery-2 is-layout-flex wp-block-gallery-is-layout-flex\">\n<figure class=\"wp-block-image size-large\"><img loading=\"lazy\" decoding=\"async\" width=\"1024\" height=\"683\" data-id=\"15928\" src=\"https:\/\/lasnoticiasconjoselecota.com\/v1\/wp-content\/uploads\/2025\/04\/1000498675-1024x683.jpg\" alt=\"\" class=\"wp-image-15928\" srcset=\"https:\/\/lasnoticiasconjoselecota.com\/v1\/wp-content\/uploads\/2025\/04\/1000498675-1024x683.jpg 1024w, https:\/\/lasnoticiasconjoselecota.com\/v1\/wp-content\/uploads\/2025\/04\/1000498675-300x200.jpg 300w, https:\/\/lasnoticiasconjoselecota.com\/v1\/wp-content\/uploads\/2025\/04\/1000498675-768x512.jpg 768w, https:\/\/lasnoticiasconjoselecota.com\/v1\/wp-content\/uploads\/2025\/04\/1000498675-1536x1024.jpg 1536w, https:\/\/lasnoticiasconjoselecota.com\/v1\/wp-content\/uploads\/2025\/04\/1000498675-2048x1365.jpg 2048w\" sizes=\"auto, (max-width: 1024px) 100vw, 1024px\" \/><\/figure>\n\n\n\n<figure class=\"wp-block-image size-large\"><img loading=\"lazy\" decoding=\"async\" width=\"1024\" height=\"683\" data-id=\"15929\" src=\"https:\/\/lasnoticiasconjoselecota.com\/v1\/wp-content\/uploads\/2025\/04\/1000498676-1024x683.jpg\" alt=\"\" class=\"wp-image-15929\" srcset=\"https:\/\/lasnoticiasconjoselecota.com\/v1\/wp-content\/uploads\/2025\/04\/1000498676-1024x683.jpg 1024w, https:\/\/lasnoticiasconjoselecota.com\/v1\/wp-content\/uploads\/2025\/04\/1000498676-300x200.jpg 300w, https:\/\/lasnoticiasconjoselecota.com\/v1\/wp-content\/uploads\/2025\/04\/1000498676-768x512.jpg 768w, https:\/\/lasnoticiasconjoselecota.com\/v1\/wp-content\/uploads\/2025\/04\/1000498676-1536x1024.jpg 1536w, https:\/\/lasnoticiasconjoselecota.com\/v1\/wp-content\/uploads\/2025\/04\/1000498676-2048x1365.jpg 2048w\" sizes=\"auto, (max-width: 1024px) 100vw, 1024px\" \/><\/figure>\n\n\n\n<figure class=\"wp-block-image size-large\"><img loading=\"lazy\" decoding=\"async\" width=\"1024\" height=\"683\" data-id=\"15927\" src=\"https:\/\/lasnoticiasconjoselecota.com\/v1\/wp-content\/uploads\/2025\/04\/1000498651-1024x683.jpg\" alt=\"\" class=\"wp-image-15927\" srcset=\"https:\/\/lasnoticiasconjoselecota.com\/v1\/wp-content\/uploads\/2025\/04\/1000498651-1024x683.jpg 1024w, https:\/\/lasnoticiasconjoselecota.com\/v1\/wp-content\/uploads\/2025\/04\/1000498651-300x200.jpg 300w, https:\/\/lasnoticiasconjoselecota.com\/v1\/wp-content\/uploads\/2025\/04\/1000498651-768x512.jpg 768w, https:\/\/lasnoticiasconjoselecota.com\/v1\/wp-content\/uploads\/2025\/04\/1000498651-1536x1024.jpg 1536w, https:\/\/lasnoticiasconjoselecota.com\/v1\/wp-content\/uploads\/2025\/04\/1000498651-2048x1365.jpg 2048w\" sizes=\"auto, (max-width: 1024px) 100vw, 1024px\" \/><\/figure>\n<\/figure>\n","protected":false},"excerpt":{"rendered":"<p>La presidenta municipal de Salvador Alvarado agradeci\u00f3 al gobernador Rub\u00e9n Rocha Moya por impulsar obras que, adem\u00e1s de potenciar el turismo en la regi\u00f3n, permiten una mejor conectividad y una&hellip; <\/p>\n","protected":false},"author":3,"featured_media":15930,"comment_status":"open","ping_status":"closed","sticky":false,"template":"","format":"standard","meta":{"footnotes":""},"categories":[3],"tags":[],"class_list":["post-15926","post","type-post","status-publish","format-standard","has-post-thumbnail","hentry","category-locales"],"_links":{"self":[{"href":"https:\/\/lasnoticiasconjoselecota.com\/v1\/wp-json\/wp\/v2\/posts\/15926","targetHints":{"allow":["GET"]}}],"collection":[{"href":"https:\/\/lasnoticiasconjoselecota.com\/v1\/wp-json\/wp\/v2\/posts"}],"about":[{"href":"https:\/\/lasnoticiasconjoselecota.com\/v1\/wp-json\/wp\/v2\/types\/post"}],"author":[{"embeddable":true,"href":"https:\/\/lasnoticiasconjoselecota.com\/v1\/wp-json\/wp\/v2\/users\/3"}],"replies":[{"embeddable":true,"href":"https:\/\/lasnoticiasconjoselecota.com\/v1\/wp-json\/wp\/v2\/comments?post=15926"}],"version-history":[{"count":1,"href":"https:\/\/lasnoticiasconjoselecota.com\/v1\/wp-json\/wp\/v2\/posts\/15926\/revisions"}],"predecessor-version":[{"id":15931,"href":"https:\/\/lasnoticiasconjoselecota.com\/v1\/wp-json\/wp\/v2\/posts\/15926\/revisions\/15931"}],"wp:featuredmedia":[{"embeddable":true,"href":"https:\/\/lasnoticiasconjoselecota.com\/v1\/wp-json\/wp\/v2\/media\/15930"}],"wp:attachment":[{"href":"https:\/\/lasnoticiasconjoselecota.com\/v1\/wp-json\/wp\/v2\/media?parent=15926"}],"wp:term":[{"taxonomy":"category","embeddable":true,"href":"https:\/\/lasnoticiasconjoselecota.com\/v1\/wp-json\/wp\/v2\/categories?post=15926"},{"taxonomy":"post_tag","embeddable":true,"href":"https:\/\/lasnoticiasconjoselecota.com\/v1\/wp-json\/wp\/v2\/tags?post=15926"}],"curies":[{"name":"wp","href":"https:\/\/api.w.org\/{rel}","templated":true}]}}