{"id":15937,"date":"2025-04-09T20:08:14","date_gmt":"2025-04-10T03:08:14","guid":{"rendered":"https:\/\/lasnoticiasconjoselecota.com\/v1\/?p=15937"},"modified":"2025-04-09T20:08:15","modified_gmt":"2025-04-10T03:08:15","slug":"concluye-con-gran-exito-la-jornada-de-eleccion-de-la-persona-titular-de-la-rectoria-de-la-uas-periodo-2025-2029-un-ejercicio-historico-con-la-participacion-de-miles-de-universitarios","status":"publish","type":"post","link":"https:\/\/lasnoticiasconjoselecota.com\/v1\/estatal\/concluye-con-gran-exito-la-jornada-de-eleccion-de-la-persona-titular-de-la-rectoria-de-la-uas-periodo-2025-2029-un-ejercicio-historico-con-la-participacion-de-miles-de-universitarios\/","title":{"rendered":"Concluye con gran \u00e9xito la jornada de elecci\u00f3n de la persona Titular de la Rector\u00eda de la UAS periodo 2025-2029; un ejercicio hist\u00f3rico con la participaci\u00f3n de miles de universitarios"},"content":{"rendered":"\n<p>Con gran \u00e9xito concluy\u00f3 la jornada de votaciones que celebr\u00f3 la Universidad Aut\u00f3noma de Sinaloa (UAS) en todas sus unidades acad\u00e9micas y organizacionales presentes en los 20 municipios para elecci\u00f3n a la Persona Titular de la Rector\u00eda para el per\u00edodo 2025-2029, un ejercicio hist\u00f3rico que registr\u00f3 la participaci\u00f3n de m\u00e1s de 150 mil universitarios, declar\u00f3 el presidente de la Comisi\u00f3n de Elecciones y Consultas del Honorable Consejo Universitario.<\/p>\n\n\n\n<p>El maestro Tiojari Dagoberto Guzm\u00e1n Galindo, aplaudi\u00f3 la participaci\u00f3n y el inter\u00e9s de los estudiantes, docentes y administrativos que de manera responsable acudieron a emitir su voto en una de las mil 08 urnas instaladas en m\u00e1s de 280 espacios universitarios, dejando constancia de la importancia de este proceso que definir\u00e1 el rumbo que tomar\u00e1 la casa de estudios por lo pr\u00f3ximos cuatro a\u00f1os.<\/p>\n\n\n\n<p>\u201cCalificamos este ejercicio como ejemplar que pone de manifiesto el crecimiento de nuestra instituci\u00f3n, la Universidad Aut\u00f3noma de Sinaloa y como los universitarios hoy se dieron cita en cada una de las unidades acad\u00e9micas y organizacionales\u201d, comparti\u00f3.<\/p>\n\n\n\n<p>Inform\u00f3 que la jornada fue vigilada en todo momento por los m\u00e1s de 400 delegados de la comisi\u00f3n, quienes fungieron como responsables de las mesas instaladas para la emisi\u00f3n del voto, los cuales reportaron que las elecciones transcurrieron de manera fluida y sin contratiempos, prevaleciendo en todo el momento el orden y el respeto.<\/p>\n\n\n\n<p>Expuso que el conteo de votos se llev\u00f3 a cabo por el personal delegado para tal efecto nombrados por la Comisi\u00f3n. De igual manera indic\u00f3 que, una vez cerrada la votaci\u00f3n y concluidas las actas de escrutinio, las urnas y las papeletas de los votos estar\u00e1n siendo remitidas a la Comisi\u00f3n de Elecciones y Consultas donde los integrantes de este organismo estar\u00e1n recibi\u00e9ndolas.<\/p>\n\n\n\n<p>En ese sentido se\u00f1al\u00f3 que, por las situaciones de violencia que se han presentado en el estado, han dado algunas indicaciones para esas unidades acad\u00e9micas m\u00e1s alejadas del punto de concentraci\u00f3n, las cuales vaciar\u00e1n la informaci\u00f3n en la plataforma que dispone la Comisi\u00f3n y con ello, salvaguarda la seguridad de las y los delegados.<\/p>\n\n\n\n<p>\u201cA ellos les hemos dicho que env\u00eden la informaci\u00f3n y el d\u00eda de ma\u00f1ana vamos a seguir recibi\u00e9ndola (\u2026) nosotros el d\u00eda de hoy y el d\u00eda de ma\u00f1ana todav\u00eda vamos a estar en este ejercicio de recopilar la informaci\u00f3n y contabilizando los votos de la comunidad universitaria para elegir a la persona titular para el periodo 2025-2029\u201d, indic\u00f3.<\/p>\n\n\n\n<p>\u201cEn todas las unidades acad\u00e9micas y organizacionales en donde hubo una urna presente ah\u00ed se realiz\u00f3 el conteo y se va a disponer una copia en un lugar visible para la comunidad para que ellos puedan transparente y clara ir, revisar y ver cu\u00e1l fue la elecci\u00f3n que tuvo la propia comunidad, eso se mencion\u00f3 desde el principio\u201d, sostuvo.<\/p>\n\n\n\n<p>Comunic\u00f3 que el resultado obtenido ser\u00e1 dado a conocer en sesi\u00f3n del H. Consejo Universitario a celebrarse el pr\u00f3ximo 11 de abril, en el Auditorio de la Autonom\u00eda, donde adem\u00e1s la Comisi\u00f3n dar\u00e1 un informe completo de todo el proceso desde el d\u00eda en que inici\u00f3, enfatizando que, las resoluciones de dicho organismo y el nombramiento expedido por el Honorable Consejo Universitario ser\u00e1 inimpugnable y no admitir\u00e1n recurso alguno, de conformidad con el art\u00edculo 37 del Estatuto General.<\/p>\n\n\n\n<p>\u201cVamos a entregar en sobre cerrado el nombre de la persona que fue elegida por la comunidad universitaria como la Persona Titular para la Rector\u00eda para el periodo 2025-2029, ser\u00e1 la propia Secretaria del Consejo Universitario la que d\u00e9 el nombre de la persona ganadora el viernes 11 de abril, a las 11:00 de la ma\u00f1ana\u201d, anunci\u00f3.<\/p>\n\n\n\n<p>Finalmente, Guzm\u00e1n Galindo felicit\u00f3 y agradeci\u00f3 a la comunidad estudiantil, acad\u00e9mica y administrativos por haber ejercido su derecho al voto, demostrar una madurez democr\u00e1tica y dar ejemplo de civilidad en todo el proceso electoral que dejar\u00e1 huella para las pr\u00f3ximas generaciones.<\/p>\n\n\n\n<p>\u201cFelicitar a toda la comunidad universitaria que este d\u00eda mostr\u00f3 al estado de Sinaloa, a los sinaloenses una vez m\u00e1s que somos una instituci\u00f3n con grandes valores y en la parte de civilidad estamos mostrando un gran respeto a las instituciones, un gran respeto a la legislaci\u00f3n\u201d, manifest\u00f3.<\/p>\n\n\n\n<figure class=\"wp-block-gallery has-nested-images columns-default is-cropped wp-block-gallery-2 is-layout-flex wp-block-gallery-is-layout-flex\">\n<figure class=\"wp-block-image size-large\"><img loading=\"lazy\" decoding=\"async\" width=\"1024\" height=\"682\" data-id=\"15939\" src=\"https:\/\/lasnoticiasconjoselecota.com\/v1\/wp-content\/uploads\/2025\/04\/1000498937-1024x682.jpg\" alt=\"\" class=\"wp-image-15939\" srcset=\"https:\/\/lasnoticiasconjoselecota.com\/v1\/wp-content\/uploads\/2025\/04\/1000498937-1024x682.jpg 1024w, https:\/\/lasnoticiasconjoselecota.com\/v1\/wp-content\/uploads\/2025\/04\/1000498937-300x200.jpg 300w, https:\/\/lasnoticiasconjoselecota.com\/v1\/wp-content\/uploads\/2025\/04\/1000498937-768x511.jpg 768w, https:\/\/lasnoticiasconjoselecota.com\/v1\/wp-content\/uploads\/2025\/04\/1000498937-1536x1022.jpg 1536w, https:\/\/lasnoticiasconjoselecota.com\/v1\/wp-content\/uploads\/2025\/04\/1000498937.jpg 1600w\" sizes=\"auto, (max-width: 1024px) 100vw, 1024px\" \/><\/figure>\n\n\n\n<figure class=\"wp-block-image size-large\"><img loading=\"lazy\" decoding=\"async\" width=\"1024\" height=\"682\" data-id=\"15940\" src=\"https:\/\/lasnoticiasconjoselecota.com\/v1\/wp-content\/uploads\/2025\/04\/1000498938-1024x682.jpg\" alt=\"\" class=\"wp-image-15940\" srcset=\"https:\/\/lasnoticiasconjoselecota.com\/v1\/wp-content\/uploads\/2025\/04\/1000498938-1024x682.jpg 1024w, https:\/\/lasnoticiasconjoselecota.com\/v1\/wp-content\/uploads\/2025\/04\/1000498938-300x200.jpg 300w, https:\/\/lasnoticiasconjoselecota.com\/v1\/wp-content\/uploads\/2025\/04\/1000498938-768x511.jpg 768w, https:\/\/lasnoticiasconjoselecota.com\/v1\/wp-content\/uploads\/2025\/04\/1000498938-1536x1022.jpg 1536w, https:\/\/lasnoticiasconjoselecota.com\/v1\/wp-content\/uploads\/2025\/04\/1000498938.jpg 1600w\" sizes=\"auto, (max-width: 1024px) 100vw, 1024px\" \/><\/figure>\n\n\n\n<figure class=\"wp-block-image size-large\"><img loading=\"lazy\" decoding=\"async\" width=\"1024\" height=\"683\" data-id=\"15938\" src=\"https:\/\/lasnoticiasconjoselecota.com\/v1\/wp-content\/uploads\/2025\/04\/1000498920-1024x683.jpg\" alt=\"\" class=\"wp-image-15938\" srcset=\"https:\/\/lasnoticiasconjoselecota.com\/v1\/wp-content\/uploads\/2025\/04\/1000498920-1024x683.jpg 1024w, https:\/\/lasnoticiasconjoselecota.com\/v1\/wp-content\/uploads\/2025\/04\/1000498920-300x200.jpg 300w, https:\/\/lasnoticiasconjoselecota.com\/v1\/wp-content\/uploads\/2025\/04\/1000498920-768x512.jpg 768w, https:\/\/lasnoticiasconjoselecota.com\/v1\/wp-content\/uploads\/2025\/04\/1000498920.jpg 1512w\" sizes=\"auto, (max-width: 1024px) 100vw, 1024px\" \/><\/figure>\n<\/figure>\n","protected":false},"excerpt":{"rendered":"<p>Con gran \u00e9xito concluy\u00f3 la jornada de votaciones que celebr\u00f3 la Universidad Aut\u00f3noma de Sinaloa (UAS) en todas sus unidades acad\u00e9micas y organizacionales presentes en los 20 municipios para elecci\u00f3n&hellip; <\/p>\n","protected":false},"author":3,"featured_media":15941,"comment_status":"open","ping_status":"closed","sticky":false,"template":"","format":"standard","meta":{"footnotes":""},"categories":[15],"tags":[],"class_list":["post-15937","post","type-post","status-publish","format-standard","has-post-thumbnail","hentry","category-estatal"],"_links":{"self":[{"href":"https:\/\/lasnoticiasconjoselecota.com\/v1\/wp-json\/wp\/v2\/posts\/15937","targetHints":{"allow":["GET"]}}],"collection":[{"href":"https:\/\/lasnoticiasconjoselecota.com\/v1\/wp-json\/wp\/v2\/posts"}],"about":[{"href":"https:\/\/lasnoticiasconjoselecota.com\/v1\/wp-json\/wp\/v2\/types\/post"}],"author":[{"embeddable":true,"href":"https:\/\/lasnoticiasconjoselecota.com\/v1\/wp-json\/wp\/v2\/users\/3"}],"replies":[{"embeddable":true,"href":"https:\/\/lasnoticiasconjoselecota.com\/v1\/wp-json\/wp\/v2\/comments?post=15937"}],"version-history":[{"count":1,"href":"https:\/\/lasnoticiasconjoselecota.com\/v1\/wp-json\/wp\/v2\/posts\/15937\/revisions"}],"predecessor-version":[{"id":15942,"href":"https:\/\/lasnoticiasconjoselecota.com\/v1\/wp-json\/wp\/v2\/posts\/15937\/revisions\/15942"}],"wp:featuredmedia":[{"embeddable":true,"href":"https:\/\/lasnoticiasconjoselecota.com\/v1\/wp-json\/wp\/v2\/media\/15941"}],"wp:attachment":[{"href":"https:\/\/lasnoticiasconjoselecota.com\/v1\/wp-json\/wp\/v2\/media?parent=15937"}],"wp:term":[{"taxonomy":"category","embeddable":true,"href":"https:\/\/lasnoticiasconjoselecota.com\/v1\/wp-json\/wp\/v2\/categories?post=15937"},{"taxonomy":"post_tag","embeddable":true,"href":"https:\/\/lasnoticiasconjoselecota.com\/v1\/wp-json\/wp\/v2\/tags?post=15937"}],"curies":[{"name":"wp","href":"https:\/\/api.w.org\/{rel}","templated":true}]}}