{"id":15947,"date":"2025-04-10T00:11:59","date_gmt":"2025-04-10T07:11:59","guid":{"rendered":"https:\/\/lasnoticiasconjoselecota.com\/v1\/?p=15947"},"modified":"2025-04-10T00:12:00","modified_gmt":"2025-04-10T07:12:00","slug":"universitarios-de-la-urcn-uas-viven-hoy-una-autentica-democracia-universitaria-en-el-proceso-de-renovacion-a-titular-de-rectoria","status":"publish","type":"post","link":"https:\/\/lasnoticiasconjoselecota.com\/v1\/estatal\/universitarios-de-la-urcn-uas-viven-hoy-una-autentica-democracia-universitaria-en-el-proceso-de-renovacion-a-titular-de-rectoria\/","title":{"rendered":"UNIVERSITARIOS DE LA URCN UAS VIVEN HOY UNA AUT\u00c9NTICA DEMOCRACIA UNIVERSITARIA EN EL PROCESO DE RENOVACI\u00d3N A TITULAR DE RECTOR\u00cdA"},"content":{"rendered":"\n<ul class=\"wp-block-list\">\n<li>De manera pac\u00edfica, respetuosa y en orden, fueron como estudiantes, trabajadores y docentes, y en ning\u00fan momento interrumpiendo la vida acad\u00e9mica y administrativa, emitieron su voto.<\/li>\n\n\n\n<li><\/li>\n<\/ul>\n\n\n\n<p>Guam\u00fachil, Sin. &#8211; Los universitarios de la Unidad Regional Centro Norte de la Universidad Aut\u00f3noma de Sinaloa, este 9 de abril de 2025, demostraron su madurez al llevar a cabo un proceso de votaci\u00f3n para la renovaci\u00f3n al titular de rector\u00eda, emitiendo su voto de manera pac\u00edfica, respetuosa y en orden, logrando con ello un aut\u00e9ntico acto de democracia universitaria.<\/p>\n\n\n\n<p>El Dr. Mario Soto Vel\u00e1zquez, Vicerrector Regional, dijo que, \u201cLa jornada que se realiz\u00f3 hoy 9 de abril en las unidades acad\u00e9micas y organizacionales de la URCN para la elecci\u00f3n de la persona titular de la rector\u00eda per\u00edodo 2025 &#8211; 2029, se llev\u00f3 a cabo con mucha tranquilidad, respeto y con mucha civilidad por parte de la comunidad universitaria.<\/p>\n\n\n\n<p>Los maestros, trabajadores administrativos, intendencia, los de confianza y los estudiantes, ellos manifestaron porque persona se inclinaban para que dirigiera los destinos de la Universidad Aut\u00f3noma de Sinaloa para el periodo 2025 &#8211; 2029, en una jornada que inici\u00f3 a las 8 de la ma\u00f1ana y finaliz\u00f3 a las 6 de la tarde, a como est\u00e1 estipulado en la convocatoria emitida por la comisi\u00f3n de elecciones y consultas.<\/p>\n\n\n\n<p>En esta jornada, se vivi\u00f3 y vio una gran afluencia de participaci\u00f3n de la comunidad universitaria para manifestar el voto para la persona que ellos decidieron que est\u00e9 al frente de la Alma Mater de Sinaloa -UAS-\u00ab. Para finalizar, reconoci\u00f3 y felicit\u00f3 a toda la comunidad universitaria por ejercer su derecho a votar y por participar, en lo que gana, dijo, no un aspirante, sino, la democracia universitaria y la UAS.<\/p>\n\n\n\n<figure class=\"wp-block-gallery has-nested-images columns-default is-cropped wp-block-gallery-2 is-layout-flex wp-block-gallery-is-layout-flex\">\n<figure class=\"wp-block-image size-large\"><img loading=\"lazy\" decoding=\"async\" width=\"1024\" height=\"1024\" data-id=\"15948\" src=\"https:\/\/lasnoticiasconjoselecota.com\/v1\/wp-content\/uploads\/2025\/04\/1000499163-1-1024x1024.jpg\" alt=\"\" class=\"wp-image-15948\" srcset=\"https:\/\/lasnoticiasconjoselecota.com\/v1\/wp-content\/uploads\/2025\/04\/1000499163-1-1024x1024.jpg 1024w, https:\/\/lasnoticiasconjoselecota.com\/v1\/wp-content\/uploads\/2025\/04\/1000499163-1-300x300.jpg 300w, https:\/\/lasnoticiasconjoselecota.com\/v1\/wp-content\/uploads\/2025\/04\/1000499163-1-150x150.jpg 150w, https:\/\/lasnoticiasconjoselecota.com\/v1\/wp-content\/uploads\/2025\/04\/1000499163-1-768x768.jpg 768w, https:\/\/lasnoticiasconjoselecota.com\/v1\/wp-content\/uploads\/2025\/04\/1000499163-1-64x64.jpg 64w, https:\/\/lasnoticiasconjoselecota.com\/v1\/wp-content\/uploads\/2025\/04\/1000499163-1.jpg 1080w\" sizes=\"auto, (max-width: 1024px) 100vw, 1024px\" \/><\/figure>\n<\/figure>\n","protected":false},"excerpt":{"rendered":"<p>Guam\u00fachil, Sin. &#8211; Los universitarios de la Unidad Regional Centro Norte de la Universidad Aut\u00f3noma de Sinaloa, este 9 de abril de 2025, demostraron su madurez al llevar a cabo&hellip; <\/p>\n","protected":false},"author":3,"featured_media":15949,"comment_status":"open","ping_status":"closed","sticky":false,"template":"","format":"standard","meta":{"footnotes":""},"categories":[15],"tags":[],"class_list":["post-15947","post","type-post","status-publish","format-standard","has-post-thumbnail","hentry","category-estatal"],"_links":{"self":[{"href":"https:\/\/lasnoticiasconjoselecota.com\/v1\/wp-json\/wp\/v2\/posts\/15947","targetHints":{"allow":["GET"]}}],"collection":[{"href":"https:\/\/lasnoticiasconjoselecota.com\/v1\/wp-json\/wp\/v2\/posts"}],"about":[{"href":"https:\/\/lasnoticiasconjoselecota.com\/v1\/wp-json\/wp\/v2\/types\/post"}],"author":[{"embeddable":true,"href":"https:\/\/lasnoticiasconjoselecota.com\/v1\/wp-json\/wp\/v2\/users\/3"}],"replies":[{"embeddable":true,"href":"https:\/\/lasnoticiasconjoselecota.com\/v1\/wp-json\/wp\/v2\/comments?post=15947"}],"version-history":[{"count":1,"href":"https:\/\/lasnoticiasconjoselecota.com\/v1\/wp-json\/wp\/v2\/posts\/15947\/revisions"}],"predecessor-version":[{"id":15950,"href":"https:\/\/lasnoticiasconjoselecota.com\/v1\/wp-json\/wp\/v2\/posts\/15947\/revisions\/15950"}],"wp:featuredmedia":[{"embeddable":true,"href":"https:\/\/lasnoticiasconjoselecota.com\/v1\/wp-json\/wp\/v2\/media\/15949"}],"wp:attachment":[{"href":"https:\/\/lasnoticiasconjoselecota.com\/v1\/wp-json\/wp\/v2\/media?parent=15947"}],"wp:term":[{"taxonomy":"category","embeddable":true,"href":"https:\/\/lasnoticiasconjoselecota.com\/v1\/wp-json\/wp\/v2\/categories?post=15947"},{"taxonomy":"post_tag","embeddable":true,"href":"https:\/\/lasnoticiasconjoselecota.com\/v1\/wp-json\/wp\/v2\/tags?post=15947"}],"curies":[{"name":"wp","href":"https:\/\/api.w.org\/{rel}","templated":true}]}}