{"id":15951,"date":"2025-04-10T10:11:41","date_gmt":"2025-04-10T17:11:41","guid":{"rendered":"https:\/\/lasnoticiasconjoselecota.com\/v1\/?p=15951"},"modified":"2025-04-10T10:11:42","modified_gmt":"2025-04-10T17:11:42","slug":"en-ciudad-universitaria-la-comunidad-rosalina-respondio-a-la-jornada-electiva-fortaleciendo-los-principios-democraticos-que-sustentan-a-la-uas","status":"publish","type":"post","link":"https:\/\/lasnoticiasconjoselecota.com\/v1\/estatal\/en-ciudad-universitaria-la-comunidad-rosalina-respondio-a-la-jornada-electiva-fortaleciendo-los-principios-democraticos-que-sustentan-a-la-uas\/","title":{"rendered":"En Ciudad Universitaria, la comunidad rosalina respondi\u00f3 a la jornada electiva fortaleciendo los principios democr\u00e1ticos que sustentan a la UAS"},"content":{"rendered":"\n<p>Con una alta participaci\u00f3n, orden y apego total a los lineamientos establecidos, las distintas unidades acad\u00e9micas de Ciudad Universitaria, vivi\u00f3 este mi\u00e9rcoles una jornada electoral hist\u00f3rica para elegir a la persona titular de la Rector\u00eda Universidad Aut\u00f3noma de Sinaloa (UAS), para el periodo 2025\u20132029; la comunidad respondi\u00f3 de forma activa y comprometida, fortaleciendo los principios democr\u00e1ticos que sustentan la vida institucional de la Casa Rosalina.<\/p>\n\n\n\n<p>Desde las primeras horas del d\u00eda, estudiantes, docentes, trabajadores administrativos y de confianza acudieron a las urnas en un ambiente de respeto, organizaci\u00f3n y vigilancia permanente por parte de los delegados y consejeros t\u00e9cnicos designados por la Comisi\u00f3n de Elecciones y Consultas.<\/p>\n\n\n\n<p>A lo largo de la jornada, se realiz\u00f3 un recorrido por diversas facultades de Ciudad Universitaria, como parte de la supervisi\u00f3n constante al proceso. En cada uno de estos espacios, la afluencia fue constante, y las urnas estuvieron debidamente instaladas, garantizando un desarrollo ordenado y transparente en todo momento.<\/p>\n\n\n\n<p>En la Facultad de Derecho, el delegado electoral, el doctor V\u00edctor Manuel Mizquiz Reyes, destac\u00f3 que la jornada se desarroll\u00f3 sin incidencias, resaltando la preparaci\u00f3n previa del personal encargado.<\/p>\n\n\n\n<p>\u201cEl proceso se ha dado sin incidencias, muy puntual iniciamos a las 8 de la ma\u00f1ana con muy buena participaci\u00f3n de los docentes, alumnos, administrativos y de confianza (\u2026) todos los que somos delegados recibimos capacitaci\u00f3n previa en base a los formatos, como se llevar\u00e1 q cabo la votaci\u00f3n, los horarios, es decir atendiendo todas las indicaciones de los estatutos precisamente de nuestra nueva ley org\u00e1nica de la UAS\u201d, se\u00f1al\u00f3.<\/p>\n\n\n\n<p>\u00c1ngel de Jes\u00fas S\u00e1nchez Garay, consejero t\u00e9cnico, subray\u00f3 que la participaci\u00f3n fue activa y con alto sentido de responsabilidad; mientras que Adalberto Moreno Heredia, estudiante de octavo semestre, coment\u00f3 que fue invitado a participar directamente en su aula.<\/p>\n\n\n\n<p>\u201cEstuvo muy bien, pasaron a nuestros salones a invitarnos a ejercer nuestro derecho al voto y todo estuvo correcto, muy bien\u201d.<\/p>\n\n\n\n<p>En la Facultad de Contadur\u00eda y Administraci\u00f3n, la jornada tambi\u00e9n transcurri\u00f3 de manera positiva, aunque se reportaron incidencias menores que fueron documentadas por las autoridades electorales.<\/p>\n\n\n\n<p>\u201cSe han presentado algunos intentos por parte de simpatizantes externos de alterar el orden, pero no lo han logrado. La jornada se ha mantenido con tranquilidad y civilidad, con saldo positivo\u201d, asegur\u00f3 el delegado, el doctor Carlos Ontiveros Elguezabal.<\/p>\n\n\n\n<p>Por su parte Nubia D\u00edaz Hern\u00e1ndez, trabajadora administrativa, reconoci\u00f3 el esfuerzo organizativo de la jornada; y de igual manera el docente Hern\u00e1n Cuevas Rivas enfatiz\u00f3 la relevancia de este ejercicio.<\/p>\n\n\n\n<p>\u201cA mi percepci\u00f3n ha sido una muy buena jornada, creo que se han seguido los lineamientos estipulados\u201d.<\/p>\n\n\n\n<p>\u201cEs importante participar, elegir a nuestras autoridades es tanto un derecho como una obligaci\u00f3n que asumimos con responsabilidad\u201d.<\/p>\n\n\n\n<p>Con el levantamiento de las urnas, sin ning\u00fan contratiempo y en punto de las 18:00 horas, concluy\u00f3 con \u00e9xito un proceso que fortalece la autonom\u00eda universitaria, la legalidad y la participaci\u00f3n democr\u00e1tica en la UAS; la Comisi\u00f3n de Elecciones y Consultas continuar\u00e1 con el conteo de votos en estricto apego a los principios establecidos, marcando as\u00ed el cierre de una jornada ejemplar para la comunidad rosalina.<\/p>\n\n\n\n<figure class=\"wp-block-gallery has-nested-images columns-default is-cropped wp-block-gallery-2 is-layout-flex wp-block-gallery-is-layout-flex\">\n<figure class=\"wp-block-image size-large\"><img loading=\"lazy\" decoding=\"async\" width=\"1024\" height=\"683\" data-id=\"15952\" src=\"https:\/\/lasnoticiasconjoselecota.com\/v1\/wp-content\/uploads\/2025\/04\/1000499467-1024x683.jpg\" alt=\"\" class=\"wp-image-15952\" srcset=\"https:\/\/lasnoticiasconjoselecota.com\/v1\/wp-content\/uploads\/2025\/04\/1000499467-1024x683.jpg 1024w, https:\/\/lasnoticiasconjoselecota.com\/v1\/wp-content\/uploads\/2025\/04\/1000499467-300x200.jpg 300w, https:\/\/lasnoticiasconjoselecota.com\/v1\/wp-content\/uploads\/2025\/04\/1000499467-768x512.jpg 768w, https:\/\/lasnoticiasconjoselecota.com\/v1\/wp-content\/uploads\/2025\/04\/1000499467-1536x1024.jpg 1536w, https:\/\/lasnoticiasconjoselecota.com\/v1\/wp-content\/uploads\/2025\/04\/1000499467.jpg 1600w\" sizes=\"auto, (max-width: 1024px) 100vw, 1024px\" \/><\/figure>\n\n\n\n<figure class=\"wp-block-image size-large\"><img loading=\"lazy\" decoding=\"async\" width=\"1024\" height=\"683\" data-id=\"15954\" src=\"https:\/\/lasnoticiasconjoselecota.com\/v1\/wp-content\/uploads\/2025\/04\/1000499480-1024x683.jpg\" alt=\"\" class=\"wp-image-15954\" srcset=\"https:\/\/lasnoticiasconjoselecota.com\/v1\/wp-content\/uploads\/2025\/04\/1000499480-1024x683.jpg 1024w, https:\/\/lasnoticiasconjoselecota.com\/v1\/wp-content\/uploads\/2025\/04\/1000499480-300x200.jpg 300w, https:\/\/lasnoticiasconjoselecota.com\/v1\/wp-content\/uploads\/2025\/04\/1000499480-768x512.jpg 768w, https:\/\/lasnoticiasconjoselecota.com\/v1\/wp-content\/uploads\/2025\/04\/1000499480-1536x1024.jpg 1536w, https:\/\/lasnoticiasconjoselecota.com\/v1\/wp-content\/uploads\/2025\/04\/1000499480.jpg 1600w\" sizes=\"auto, (max-width: 1024px) 100vw, 1024px\" \/><\/figure>\n\n\n\n<figure class=\"wp-block-image size-large\"><img loading=\"lazy\" decoding=\"async\" width=\"1024\" height=\"683\" data-id=\"15953\" src=\"https:\/\/lasnoticiasconjoselecota.com\/v1\/wp-content\/uploads\/2025\/04\/1000499472-1024x683.jpg\" alt=\"\" class=\"wp-image-15953\" srcset=\"https:\/\/lasnoticiasconjoselecota.com\/v1\/wp-content\/uploads\/2025\/04\/1000499472-1024x683.jpg 1024w, https:\/\/lasnoticiasconjoselecota.com\/v1\/wp-content\/uploads\/2025\/04\/1000499472-300x200.jpg 300w, https:\/\/lasnoticiasconjoselecota.com\/v1\/wp-content\/uploads\/2025\/04\/1000499472-768x512.jpg 768w, https:\/\/lasnoticiasconjoselecota.com\/v1\/wp-content\/uploads\/2025\/04\/1000499472-1536x1024.jpg 1536w, https:\/\/lasnoticiasconjoselecota.com\/v1\/wp-content\/uploads\/2025\/04\/1000499472.jpg 1600w\" sizes=\"auto, (max-width: 1024px) 100vw, 1024px\" \/><\/figure>\n<\/figure>\n","protected":false},"excerpt":{"rendered":"<p>Con una alta participaci\u00f3n, orden y apego total a los lineamientos establecidos, las distintas unidades acad\u00e9micas de Ciudad Universitaria, vivi\u00f3 este mi\u00e9rcoles una jornada electoral hist\u00f3rica para elegir a la&hellip; <\/p>\n","protected":false},"author":3,"featured_media":15955,"comment_status":"open","ping_status":"closed","sticky":false,"template":"","format":"standard","meta":{"footnotes":""},"categories":[15],"tags":[],"class_list":["post-15951","post","type-post","status-publish","format-standard","has-post-thumbnail","hentry","category-estatal"],"_links":{"self":[{"href":"https:\/\/lasnoticiasconjoselecota.com\/v1\/wp-json\/wp\/v2\/posts\/15951","targetHints":{"allow":["GET"]}}],"collection":[{"href":"https:\/\/lasnoticiasconjoselecota.com\/v1\/wp-json\/wp\/v2\/posts"}],"about":[{"href":"https:\/\/lasnoticiasconjoselecota.com\/v1\/wp-json\/wp\/v2\/types\/post"}],"author":[{"embeddable":true,"href":"https:\/\/lasnoticiasconjoselecota.com\/v1\/wp-json\/wp\/v2\/users\/3"}],"replies":[{"embeddable":true,"href":"https:\/\/lasnoticiasconjoselecota.com\/v1\/wp-json\/wp\/v2\/comments?post=15951"}],"version-history":[{"count":1,"href":"https:\/\/lasnoticiasconjoselecota.com\/v1\/wp-json\/wp\/v2\/posts\/15951\/revisions"}],"predecessor-version":[{"id":15956,"href":"https:\/\/lasnoticiasconjoselecota.com\/v1\/wp-json\/wp\/v2\/posts\/15951\/revisions\/15956"}],"wp:featuredmedia":[{"embeddable":true,"href":"https:\/\/lasnoticiasconjoselecota.com\/v1\/wp-json\/wp\/v2\/media\/15955"}],"wp:attachment":[{"href":"https:\/\/lasnoticiasconjoselecota.com\/v1\/wp-json\/wp\/v2\/media?parent=15951"}],"wp:term":[{"taxonomy":"category","embeddable":true,"href":"https:\/\/lasnoticiasconjoselecota.com\/v1\/wp-json\/wp\/v2\/categories?post=15951"},{"taxonomy":"post_tag","embeddable":true,"href":"https:\/\/lasnoticiasconjoselecota.com\/v1\/wp-json\/wp\/v2\/tags?post=15951"}],"curies":[{"name":"wp","href":"https:\/\/api.w.org\/{rel}","templated":true}]}}