{"id":15958,"date":"2025-04-10T11:00:37","date_gmt":"2025-04-10T18:00:37","guid":{"rendered":"https:\/\/lasnoticiasconjoselecota.com\/v1\/?p=15958"},"modified":"2025-04-10T11:00:37","modified_gmt":"2025-04-10T18:00:37","slug":"encabeza-el-secretario-ismael-bello-esquivel-106-aniversario-luctuoso-de-emiliano-zapata","status":"publish","type":"post","link":"https:\/\/lasnoticiasconjoselecota.com\/v1\/estatal\/encabeza-el-secretario-ismael-bello-esquivel-106-aniversario-luctuoso-de-emiliano-zapata\/","title":{"rendered":"Encabeza el Secretario Ismael Bello Esquivel 106 aniversario luctuoso de Emiliano Zapata"},"content":{"rendered":"\n<p><em>\u2022 Acompa\u00f1ado de autoridades civiles y militares, con una breve ceremonia destacaron la vida del Caudillo del Sur<\/em><\/p>\n\n\n\n<p>Culiac\u00e1n, Sin., a 10 de Abril de 2025.- Con izamiento de bandera a media asta, una guardia de honor en el monumento a Emiliano Zapata y una rese\u00f1a de su vida, el Secretario de Agricultura y Ganader\u00eda del Gobierno del Estado, Ismael Bello Esquivel, conmemor\u00f3 el 106 aniversario luctuoso del llamado Caudillo del Sur.<\/p>\n\n\n\n<p>Acompa\u00f1ado de la diputada Arely Berenice Ruiz L\u00f3pez, Presidenta de la Comisi\u00f3n de Seguridad P\u00fablica y representante del Congreso del Estado; magistrado Jes\u00fas Iv\u00e1n Ch\u00e1vez Rangel, Presidente del Supremo Tribunal de Justicia del Estado de Sinaloa; Mayor de Caballer\u00eda Andr\u00e9s Lozano Vargas; Capit\u00e1n Miguel Galindo Alvino, representante de de la Base A\u00e9rea Militar No. 10 en Sinaloa de la Fuerza A\u00e9rea Mexicana y representantes de la Novena Zona Militar y Ayuntamiento de Culiac\u00e1n, Bello Esquivel encabez\u00f3 el izamiento de bandera a media asta.<\/p>\n\n\n\n<p>Posteriormente, tambi\u00e9n con una comitiva de organizaciones campesinas, se dirigieron al monumento a Emiliano Zapata ubicado por el boulevard con el mismo nombre y avenida Insurgentes, en donde se hizo una breve rese\u00f1a de la vida del Caudillo del Sur.<\/p>\n\n\n\n<p>Ah\u00ed, se destac\u00f3 que Emiliano Zapata naci\u00f3 el 8 de agosto de 1879 en Anenecuilco, Morelos, y desde muy temprana edad sostuvo los ideales que le hicieron trascender en la historia nacional. Desde el a\u00f1o de 1909, era dirigente agrario en Morelos y en 1911 pas\u00f3 a la lucha armada haciendo suyo el llamado Plan de San Luis.<\/p>\n\n\n\n<p>En noviembre del mismo a\u00f1o proclam\u00f3 su propio plan denominado Plan de Ayala que contiene el ideario agrario que dio vida y sustento a la revoluci\u00f3n del sur. Fue asesinado justamente un d\u00eda como hoy en la Hacienda de Chinameca en Morelos, hace 109 a\u00f1os.<\/p>\n","protected":false},"excerpt":{"rendered":"<p>\u2022 Acompa\u00f1ado de autoridades civiles y militares, con una breve ceremonia destacaron la vida del Caudillo del Sur Culiac\u00e1n, Sin., a 10 de Abril de 2025.- Con izamiento de bandera&hellip; <\/p>\n","protected":false},"author":3,"featured_media":15959,"comment_status":"open","ping_status":"closed","sticky":false,"template":"","format":"standard","meta":{"footnotes":""},"categories":[15],"tags":[],"class_list":["post-15958","post","type-post","status-publish","format-standard","has-post-thumbnail","hentry","category-estatal"],"_links":{"self":[{"href":"https:\/\/lasnoticiasconjoselecota.com\/v1\/wp-json\/wp\/v2\/posts\/15958","targetHints":{"allow":["GET"]}}],"collection":[{"href":"https:\/\/lasnoticiasconjoselecota.com\/v1\/wp-json\/wp\/v2\/posts"}],"about":[{"href":"https:\/\/lasnoticiasconjoselecota.com\/v1\/wp-json\/wp\/v2\/types\/post"}],"author":[{"embeddable":true,"href":"https:\/\/lasnoticiasconjoselecota.com\/v1\/wp-json\/wp\/v2\/users\/3"}],"replies":[{"embeddable":true,"href":"https:\/\/lasnoticiasconjoselecota.com\/v1\/wp-json\/wp\/v2\/comments?post=15958"}],"version-history":[{"count":1,"href":"https:\/\/lasnoticiasconjoselecota.com\/v1\/wp-json\/wp\/v2\/posts\/15958\/revisions"}],"predecessor-version":[{"id":15960,"href":"https:\/\/lasnoticiasconjoselecota.com\/v1\/wp-json\/wp\/v2\/posts\/15958\/revisions\/15960"}],"wp:featuredmedia":[{"embeddable":true,"href":"https:\/\/lasnoticiasconjoselecota.com\/v1\/wp-json\/wp\/v2\/media\/15959"}],"wp:attachment":[{"href":"https:\/\/lasnoticiasconjoselecota.com\/v1\/wp-json\/wp\/v2\/media?parent=15958"}],"wp:term":[{"taxonomy":"category","embeddable":true,"href":"https:\/\/lasnoticiasconjoselecota.com\/v1\/wp-json\/wp\/v2\/categories?post=15958"},{"taxonomy":"post_tag","embeddable":true,"href":"https:\/\/lasnoticiasconjoselecota.com\/v1\/wp-json\/wp\/v2\/tags?post=15958"}],"curies":[{"name":"wp","href":"https:\/\/api.w.org\/{rel}","templated":true}]}}