{"id":15967,"date":"2025-04-10T13:53:55","date_gmt":"2025-04-10T20:53:55","guid":{"rendered":"https:\/\/lasnoticiasconjoselecota.com\/v1\/?p=15967"},"modified":"2025-04-10T13:53:56","modified_gmt":"2025-04-10T20:53:56","slug":"se-instala-el-consejo-municipal-de-mejora-regulatoria-en-salvador-alvarado","status":"publish","type":"post","link":"https:\/\/lasnoticiasconjoselecota.com\/v1\/locales\/se-instala-el-consejo-municipal-de-mejora-regulatoria-en-salvador-alvarado\/","title":{"rendered":"Se instala el Consejo Municipal de Mejora Regulatoria en Salvador Alvarado"},"content":{"rendered":"\n<p>La presidenta municipal de Salvador Alvarado, Lupita L\u00f3pez Gonz\u00e1lez, expres\u00f3 que desde el gobierno municipal se busca eficientar el trabajo, as\u00ed como darle una buena atenci\u00f3n y mejores servicios a la poblaci\u00f3n<\/p>\n\n\n\n<p>Guam\u00fachil, Sinaloa; a 10 de abril del 2025.- Con el objetivo de fortalecer la eficiencia gubernamental y brindar una atenci\u00f3n m\u00e1s \u00e1gil y transparente a la ciudadan\u00eda, este jueves se llev\u00f3 a cabo la instalaci\u00f3n del Consejo Municipal de Mejora Regulatoria en el municipio de Salvador Alvarado.<\/p>\n\n\n\n<p>La presidenta municipal, Lupita L\u00f3pez Gonz\u00e1lez, expres\u00f3 que la conformaci\u00f3n de este \u00f3rgano representa un paso importante hacia la modernizaci\u00f3n administrativa y la simplificaci\u00f3n de tr\u00e1mites, ya que lo importante es darle una buena atenci\u00f3n a la poblaci\u00f3n.<\/p>\n\n\n\n<p>\u201cQueremos facilitarle los tr\u00e1mites a la ciudadan\u00eda, tenemos que tener el don de servicio porque para eso estamos, en el gobierno municipal vamos de paso y debemos dar lo mejor de nosotros para que el pueblo se sienta atendido\u201d, coment\u00f3 la alcaldesa.<\/p>\n\n\n\n<p>El director general de la Comisi\u00f3n Estatal de Mejora Regulatoria, Francisco Higuera Castro, fue el encargado de tomar protesta al Consejo Municipal, quien expres\u00f3 que dicho \u00f3rgano est\u00e1 integrado por representantes del sector p\u00fablico, privado, social y acad\u00e9mico, quienes trabajar\u00e1n de manera coordinada para revisar, proponer y supervisar acciones concretas que impulsen una administraci\u00f3n m\u00e1s eficiente y centrada en las necesidades ciudadanas.<\/p>\n\n\n\n<p>Con esta acci\u00f3n, Salvador Alvarado se suma a los esfuerzos estatales y nacionales por fortalecer la gobernanza, la competitividad y el bienestar de sus habitantes, consolid\u00e1ndose como un municipio comprometido con la innovaci\u00f3n y la mejora continua en el servicio p\u00fablico.<\/p>\n\n\n\n<figure class=\"wp-block-gallery has-nested-images columns-default is-cropped wp-block-gallery-2 is-layout-flex wp-block-gallery-is-layout-flex\">\n<figure class=\"wp-block-image size-large\"><img loading=\"lazy\" decoding=\"async\" width=\"1024\" height=\"682\" data-id=\"15970\" src=\"https:\/\/lasnoticiasconjoselecota.com\/v1\/wp-content\/uploads\/2025\/04\/1000499830-1024x682.jpg\" alt=\"\" class=\"wp-image-15970\" srcset=\"https:\/\/lasnoticiasconjoselecota.com\/v1\/wp-content\/uploads\/2025\/04\/1000499830-1024x682.jpg 1024w, https:\/\/lasnoticiasconjoselecota.com\/v1\/wp-content\/uploads\/2025\/04\/1000499830-300x200.jpg 300w, https:\/\/lasnoticiasconjoselecota.com\/v1\/wp-content\/uploads\/2025\/04\/1000499830-768x512.jpg 768w, https:\/\/lasnoticiasconjoselecota.com\/v1\/wp-content\/uploads\/2025\/04\/1000499830-1536x1024.jpg 1536w, https:\/\/lasnoticiasconjoselecota.com\/v1\/wp-content\/uploads\/2025\/04\/1000499830-2048x1365.jpg 2048w\" sizes=\"auto, (max-width: 1024px) 100vw, 1024px\" \/><\/figure>\n\n\n\n<figure class=\"wp-block-image size-large\"><img loading=\"lazy\" decoding=\"async\" width=\"1024\" height=\"682\" data-id=\"15969\" src=\"https:\/\/lasnoticiasconjoselecota.com\/v1\/wp-content\/uploads\/2025\/04\/1000499827-1024x682.jpg\" alt=\"\" class=\"wp-image-15969\" srcset=\"https:\/\/lasnoticiasconjoselecota.com\/v1\/wp-content\/uploads\/2025\/04\/1000499827-1024x682.jpg 1024w, https:\/\/lasnoticiasconjoselecota.com\/v1\/wp-content\/uploads\/2025\/04\/1000499827-300x200.jpg 300w, https:\/\/lasnoticiasconjoselecota.com\/v1\/wp-content\/uploads\/2025\/04\/1000499827-768x512.jpg 768w, https:\/\/lasnoticiasconjoselecota.com\/v1\/wp-content\/uploads\/2025\/04\/1000499827-1536x1024.jpg 1536w, https:\/\/lasnoticiasconjoselecota.com\/v1\/wp-content\/uploads\/2025\/04\/1000499827-2048x1365.jpg 2048w\" sizes=\"auto, (max-width: 1024px) 100vw, 1024px\" \/><\/figure>\n\n\n\n<figure class=\"wp-block-image size-large\"><img loading=\"lazy\" decoding=\"async\" width=\"1024\" height=\"682\" data-id=\"15968\" src=\"https:\/\/lasnoticiasconjoselecota.com\/v1\/wp-content\/uploads\/2025\/04\/1000499831-1024x682.jpg\" alt=\"\" class=\"wp-image-15968\" srcset=\"https:\/\/lasnoticiasconjoselecota.com\/v1\/wp-content\/uploads\/2025\/04\/1000499831-1024x682.jpg 1024w, https:\/\/lasnoticiasconjoselecota.com\/v1\/wp-content\/uploads\/2025\/04\/1000499831-300x200.jpg 300w, https:\/\/lasnoticiasconjoselecota.com\/v1\/wp-content\/uploads\/2025\/04\/1000499831-768x512.jpg 768w, https:\/\/lasnoticiasconjoselecota.com\/v1\/wp-content\/uploads\/2025\/04\/1000499831-1536x1024.jpg 1536w, https:\/\/lasnoticiasconjoselecota.com\/v1\/wp-content\/uploads\/2025\/04\/1000499831-2048x1365.jpg 2048w\" sizes=\"auto, (max-width: 1024px) 100vw, 1024px\" \/><\/figure>\n<\/figure>\n","protected":false},"excerpt":{"rendered":"<p>La presidenta municipal de Salvador Alvarado, Lupita L\u00f3pez Gonz\u00e1lez, expres\u00f3 que desde el gobierno municipal se busca eficientar el trabajo, as\u00ed como darle una buena atenci\u00f3n y mejores servicios a&hellip; <\/p>\n","protected":false},"author":3,"featured_media":15971,"comment_status":"open","ping_status":"closed","sticky":false,"template":"","format":"standard","meta":{"footnotes":""},"categories":[3],"tags":[],"class_list":["post-15967","post","type-post","status-publish","format-standard","has-post-thumbnail","hentry","category-locales"],"_links":{"self":[{"href":"https:\/\/lasnoticiasconjoselecota.com\/v1\/wp-json\/wp\/v2\/posts\/15967","targetHints":{"allow":["GET"]}}],"collection":[{"href":"https:\/\/lasnoticiasconjoselecota.com\/v1\/wp-json\/wp\/v2\/posts"}],"about":[{"href":"https:\/\/lasnoticiasconjoselecota.com\/v1\/wp-json\/wp\/v2\/types\/post"}],"author":[{"embeddable":true,"href":"https:\/\/lasnoticiasconjoselecota.com\/v1\/wp-json\/wp\/v2\/users\/3"}],"replies":[{"embeddable":true,"href":"https:\/\/lasnoticiasconjoselecota.com\/v1\/wp-json\/wp\/v2\/comments?post=15967"}],"version-history":[{"count":1,"href":"https:\/\/lasnoticiasconjoselecota.com\/v1\/wp-json\/wp\/v2\/posts\/15967\/revisions"}],"predecessor-version":[{"id":15972,"href":"https:\/\/lasnoticiasconjoselecota.com\/v1\/wp-json\/wp\/v2\/posts\/15967\/revisions\/15972"}],"wp:featuredmedia":[{"embeddable":true,"href":"https:\/\/lasnoticiasconjoselecota.com\/v1\/wp-json\/wp\/v2\/media\/15971"}],"wp:attachment":[{"href":"https:\/\/lasnoticiasconjoselecota.com\/v1\/wp-json\/wp\/v2\/media?parent=15967"}],"wp:term":[{"taxonomy":"category","embeddable":true,"href":"https:\/\/lasnoticiasconjoselecota.com\/v1\/wp-json\/wp\/v2\/categories?post=15967"},{"taxonomy":"post_tag","embeddable":true,"href":"https:\/\/lasnoticiasconjoselecota.com\/v1\/wp-json\/wp\/v2\/tags?post=15967"}],"curies":[{"name":"wp","href":"https:\/\/api.w.org\/{rel}","templated":true}]}}