{"id":15973,"date":"2025-04-10T17:04:24","date_gmt":"2025-04-11T00:04:24","guid":{"rendered":"https:\/\/lasnoticiasconjoselecota.com\/v1\/?p=15973"},"modified":"2025-04-10T17:04:24","modified_gmt":"2025-04-11T00:04:24","slug":"notifica-la-comision-de-elecciones-y-consultas-las-cifras-obtenidas-tras-el-computo-de-boletas-da-a-conocer-los-votos-obtenidos-por-cada-aspirante-a-la-rectoria-de-la-uas","status":"publish","type":"post","link":"https:\/\/lasnoticiasconjoselecota.com\/v1\/estatal\/notifica-la-comision-de-elecciones-y-consultas-las-cifras-obtenidas-tras-el-computo-de-boletas-da-a-conocer-los-votos-obtenidos-por-cada-aspirante-a-la-rectoria-de-la-uas\/","title":{"rendered":"Notifica la Comisi\u00f3n de Elecciones y Consultas las cifras obtenidas tras el c\u00f3mputo de boletas; da a conocer los votos obtenidos por cada aspirante a la Rector\u00eda de la UAS"},"content":{"rendered":"\n<p>Con un c\u00f3mputo final de 130 mil 696 votos emitidos, la Comisi\u00f3n de Elecciones y Consultas del H. Consejo Universitario reconoci\u00f3 la responsabilidad y compromiso de estudiantes, docentes, trabajadores y personal administrativo de la Universidad Aut\u00f3noma de Sinaloa (UAS) por haber acudido a las urnas para ejercer su derecho al voto en una jornada hist\u00f3rica donde se demostr\u00f3 que la defensa de la autonom\u00eda, la libertad de pensamiento y el respeto a las instituciones sigue siendo un valor compartido.<\/p>\n\n\n\n<p>A trav\u00e9s de un comunicado, el maestro Tiojari Dagoberto Guzm\u00e1n Galindo, presidente de la Comisi\u00f3n, inform\u00f3 sobre el intenso proceso de elecci\u00f3n para la Persona Titular a la Rector\u00eda de la UAS periodo 2025-2029, expresando que la instituci\u00f3n \u201cavanza unida, con el coraz\u00f3n firme y la mirada en alto\u201d.<\/p>\n\n\n\n<p>\u201cA todo el pueblo sinaloense le decimos con claridad: la UAS es del pueblo, y sigue firme en su misi\u00f3n de formar ciudadanos cr\u00edticos, libres y comprometidos con el desarrollo social. Hoy m\u00e1s que nunca, refrendamos nuestro compromiso con la educaci\u00f3n p\u00fablica, la ciencia, la cultura y la verdad. A la comunidad Rosalina, nuestro reconocimiento. Su participaci\u00f3n activa, su conciencia y su dignidad fortalecen a nuestra universidad y nos inspiran a seguir construyendo, desde el aula, el laboratorio y el di\u00e1logo, el futuro que merecemos\u201d, extern\u00f3.<\/p>\n\n\n\n<p>Se\u00f1al\u00f3 que aspirar a un cargo dentro de la instituci\u00f3n no es simplemente buscar una posici\u00f3n, si no que, es aceptar un compromiso profundo con los principios que rigen a la m\u00e1xima casa de estudios: el respeto, la institucionalidad, el servicio a la comunidad y un compromiso irrenunciable con el pueblo sinaloense, por ello conmin\u00f3 a quienes se postularon para dirigir los destinos de la universidad a representar a la comunidad desde la congruencia, desde el ejemplo, y desde la \u00e9tica.<\/p>\n\n\n\n<p>\u201cQuien aspira, debe hacerlo con altura de miras, con madurez, y sobre todo, con respeto irrestricto hacia la instituci\u00f3n que le ha formado, hacia las autoridades leg\u00edtimamente constituidas, y especialmente hacia la comunidad universitaria a la que pretende representar. No hay espacio para la descalificaci\u00f3n ni para el protagonismo vac\u00edo. La UAS no necesita ambiciones personales disfrazadas de discurso pol\u00edtico; necesita liderazgo con principios, capacidad de di\u00e1logo y visi\u00f3n acad\u00e9mica\u201d, sostuvo.<\/p>\n\n\n\n<p>Guzm\u00e1n Galindo dio a conocer la cifra del c\u00f3mputo final de las 1 mil siete urnas que se colocaron en todo el estado en unidades acad\u00e9micas y organizacionales, las cuales funcionaron en su totalidad, teniendo al frente de este proceso a m\u00e1s de 400 delegados. De la misma forma, indic\u00f3 que a lo largo de la jornada se registraron tan solo 15 incidencias, las cuales fueron resueltas por los propios delegados, sin llegar a la necesidad de levantar ning\u00fan acta.<\/p>\n\n\n\n<p>Mencion\u00f3 que dichos resultados ser\u00e1n entregados en el pleno del H. Consejo Universitario, el viernes 11 de abril, a las 11:00 horas, donde la Secretaria del m\u00e1ximo \u00f3rgano de gobierno dar\u00e1 lectura de los resultados oficiales obtenidos y anunciar\u00e1 a la persona elegida por la comunidad universitaria para ocupar la titularidad de la Rector\u00eda por los pr\u00f3ximos cuatro a\u00f1os.<\/p>\n\n\n\n<p>\u201cLos resultados son los siguientes: en el caso del aspirante, doctor Jes\u00fas Madue\u00f1a Molina sus votos obtenidos fueron 105 mil 885 votos. En el caso de la aspirante, doctora Denise Azucena D\u00edaz Qui\u00f1onez los votos obtenidos fueron 14 mil 645. En abstenciones 7 mil 478 y 2 mil 688 votos nulos. El total de votos emitido fueron 130 mil 696 y los votos v\u00e1lidos 128 mil ocho\u201d, notific\u00f3.<\/p>\n\n\n\n<p>Reiter\u00f3 su felicitaci\u00f3n y agradecimiento a la comunidad universitaria por el compromiso y civilidad demostrada en los comicios que permiti\u00f3 vivir un proceso electoral ejemplar, pac\u00edfico y en orden en todo el estado.<\/p>\n\n\n\n<p>\u201cRefrendar de nuevo a nombre de toda la Comisi\u00f3n, el agradecimiento total a esta comunidad que se port\u00f3 a la altura de una universidad de calidad en todas las \u00e1reas y no fue la excepci\u00f3n el \u00e1rea de la democracia\u201d, manifest\u00f3 el presidente de la Comisi\u00f3n de Elecciones y Consultas.<\/p>\n\n\n\n<figure class=\"wp-block-gallery has-nested-images columns-default is-cropped wp-block-gallery-2 is-layout-flex wp-block-gallery-is-layout-flex\">\n<figure class=\"wp-block-image size-large\"><img loading=\"lazy\" decoding=\"async\" width=\"802\" height=\"1024\" data-id=\"15974\" src=\"https:\/\/lasnoticiasconjoselecota.com\/v1\/wp-content\/uploads\/2025\/04\/1000499994-802x1024.jpg\" alt=\"\" class=\"wp-image-15974\" srcset=\"https:\/\/lasnoticiasconjoselecota.com\/v1\/wp-content\/uploads\/2025\/04\/1000499994-802x1024.jpg 802w, https:\/\/lasnoticiasconjoselecota.com\/v1\/wp-content\/uploads\/2025\/04\/1000499994-235x300.jpg 235w, https:\/\/lasnoticiasconjoselecota.com\/v1\/wp-content\/uploads\/2025\/04\/1000499994-768x981.jpg 768w, https:\/\/lasnoticiasconjoselecota.com\/v1\/wp-content\/uploads\/2025\/04\/1000499994.jpg 1080w\" sizes=\"auto, (max-width: 802px) 100vw, 802px\" \/><\/figure>\n\n\n\n<figure class=\"wp-block-image size-large\"><img loading=\"lazy\" decoding=\"async\" width=\"1024\" height=\"683\" data-id=\"15975\" src=\"https:\/\/lasnoticiasconjoselecota.com\/v1\/wp-content\/uploads\/2025\/04\/1000499996-1024x683.jpg\" alt=\"\" class=\"wp-image-15975\" srcset=\"https:\/\/lasnoticiasconjoselecota.com\/v1\/wp-content\/uploads\/2025\/04\/1000499996-1024x683.jpg 1024w, https:\/\/lasnoticiasconjoselecota.com\/v1\/wp-content\/uploads\/2025\/04\/1000499996-300x200.jpg 300w, https:\/\/lasnoticiasconjoselecota.com\/v1\/wp-content\/uploads\/2025\/04\/1000499996-768x512.jpg 768w, https:\/\/lasnoticiasconjoselecota.com\/v1\/wp-content\/uploads\/2025\/04\/1000499996.jpg 1080w\" sizes=\"auto, (max-width: 1024px) 100vw, 1024px\" \/><\/figure>\n<\/figure>\n","protected":false},"excerpt":{"rendered":"<p>Con un c\u00f3mputo final de 130 mil 696 votos emitidos, la Comisi\u00f3n de Elecciones y Consultas del H. Consejo Universitario reconoci\u00f3 la responsabilidad y compromiso de estudiantes, docentes, trabajadores y&hellip; <\/p>\n","protected":false},"author":3,"featured_media":15976,"comment_status":"open","ping_status":"closed","sticky":false,"template":"","format":"standard","meta":{"footnotes":""},"categories":[15],"tags":[],"class_list":["post-15973","post","type-post","status-publish","format-standard","has-post-thumbnail","hentry","category-estatal"],"_links":{"self":[{"href":"https:\/\/lasnoticiasconjoselecota.com\/v1\/wp-json\/wp\/v2\/posts\/15973","targetHints":{"allow":["GET"]}}],"collection":[{"href":"https:\/\/lasnoticiasconjoselecota.com\/v1\/wp-json\/wp\/v2\/posts"}],"about":[{"href":"https:\/\/lasnoticiasconjoselecota.com\/v1\/wp-json\/wp\/v2\/types\/post"}],"author":[{"embeddable":true,"href":"https:\/\/lasnoticiasconjoselecota.com\/v1\/wp-json\/wp\/v2\/users\/3"}],"replies":[{"embeddable":true,"href":"https:\/\/lasnoticiasconjoselecota.com\/v1\/wp-json\/wp\/v2\/comments?post=15973"}],"version-history":[{"count":1,"href":"https:\/\/lasnoticiasconjoselecota.com\/v1\/wp-json\/wp\/v2\/posts\/15973\/revisions"}],"predecessor-version":[{"id":15977,"href":"https:\/\/lasnoticiasconjoselecota.com\/v1\/wp-json\/wp\/v2\/posts\/15973\/revisions\/15977"}],"wp:featuredmedia":[{"embeddable":true,"href":"https:\/\/lasnoticiasconjoselecota.com\/v1\/wp-json\/wp\/v2\/media\/15976"}],"wp:attachment":[{"href":"https:\/\/lasnoticiasconjoselecota.com\/v1\/wp-json\/wp\/v2\/media?parent=15973"}],"wp:term":[{"taxonomy":"category","embeddable":true,"href":"https:\/\/lasnoticiasconjoselecota.com\/v1\/wp-json\/wp\/v2\/categories?post=15973"},{"taxonomy":"post_tag","embeddable":true,"href":"https:\/\/lasnoticiasconjoselecota.com\/v1\/wp-json\/wp\/v2\/tags?post=15973"}],"curies":[{"name":"wp","href":"https:\/\/api.w.org\/{rel}","templated":true}]}}