{"id":15978,"date":"2025-04-11T07:46:31","date_gmt":"2025-04-11T14:46:31","guid":{"rendered":"https:\/\/lasnoticiasconjoselecota.com\/v1\/?p=15978"},"modified":"2025-04-11T07:46:32","modified_gmt":"2025-04-11T14:46:32","slug":"en-sobre-cerrado-este-viernes-la-comision-de-elecciones-y-consultas-entregara-al-h-consejo-universitario-el-nombre-del-aspirante-ganador-en-la-eleccion-de-la-persona-titular-de-la-rectoria-2025-2029","status":"publish","type":"post","link":"https:\/\/lasnoticiasconjoselecota.com\/v1\/estatal\/en-sobre-cerrado-este-viernes-la-comision-de-elecciones-y-consultas-entregara-al-h-consejo-universitario-el-nombre-del-aspirante-ganador-en-la-eleccion-de-la-persona-titular-de-la-rectoria-2025-2029\/","title":{"rendered":"En sobre cerrado, este viernes la Comisi\u00f3n de Elecciones y Consultas entregar\u00e1 al H. Consejo Universitario el nombre del aspirante ganador en la elecci\u00f3n de la persona Titular de la Rector\u00eda 2025-2029"},"content":{"rendered":"\n<p>Tras cuatro meses de una intensa agenda desprendida de las reformas y adecuaciones a la Ley Org\u00e1nica, ser\u00e1 este viernes 11 de abril cuando la Comisi\u00f3n de Elecciones y Consultas entregue en sobre cerrado al Honorable Consejo Universitario, el nombre del aspirante que result\u00f3 ganador en la jornada de elecci\u00f3n de la persona Titular de la Rector\u00eda de la Universidad Aut\u00f3noma de Sinaloa, para el Periodo 2025-2029.<\/p>\n\n\n\n<p>Todo comenz\u00f3 el pasado 11 diciembre del 2024 cuando, en una muestra de voluntad y de respeto a los compromisos con autoridades estatales y federales, el Honorable Consejo Universitario, aprob\u00f3 que se aceptara la Reforma hecha por el Congreso del Estado a la Ley Org\u00e1nica de la instituci\u00f3n, que se retiraran los amparos en contra de dicha reforma y dar un voto de confianza al Rector Titular, doctor Jes\u00fas Madue\u00f1a Molina, para continuar en la mesa de di\u00e1logo en aras de que la Universidad transitara de manera tranquila.<\/p>\n\n\n\n<p>Desde entonces, se inici\u00f3 un arduo trabajo para actualizar la normatividad de la instituci\u00f3n para ajustarla al nuevo mandato, como la expedici\u00f3n del nuevo Reglamento de la Comisi\u00f3n de Elecciones y Consultas, una figura que se incorpor\u00f3 recientemente a la Casa Rosalina con la propia reforma a la Ley Org\u00e1nica. Esto fue confirmado los primeros d\u00edas del mes de febrero del 2025, por el entonces reci\u00e9n nombrado titular de la Direcci\u00f3n de Asuntos Jur\u00eddicos de la Universidad Aut\u00f3noma de Sinaloa (UAS), el licenciado Alfonso Carlos Ontiveros Salas.<\/p>\n\n\n\n<p>Fue el pasado 28 febrero cuando, para cumplir con lo establecido en las reformas a la Ley Org\u00e1nica y Estatuto General de la Universidad Aut\u00f3noma de Sinaloa (UAS), el Honorable Consejo Universitario aprob\u00f3 en Sesi\u00f3n Ordinaria la Creaci\u00f3n del nuevo Reglamento de la Comisi\u00f3n de Elecciones y Consultas, tom\u00f3 protesta a sus integrantes y nombr\u00f3 al Presidente del Tribunal Universitario, armonizando los lineamientos internos para el proceso de elecci\u00f3n de autoridades, entre ellas la elecci\u00f3n de la persona Titular de la Rector\u00eda.<\/p>\n\n\n\n<p>Ya con el marco normativo actualizado, el 10 de marzo el Rector de la Universidad Aut\u00f3noma de Sinaloa (UAS), doctor Jes\u00fas Madue\u00f1a Molina, solicit\u00f3 formalmente ante la doctora Armida Llamas Estrada, Secretaria del Consejo Universitario y de la instituci\u00f3n, su deseo de reelegirse para continuar un periodo m\u00e1s al frente de la M\u00e1xima Casa de Estudios Sinaloense, para el periodo 2024-2029.<\/p>\n\n\n\n<p>Tras ello, en el marco a lo establecido en las reformas a la Ley Org\u00e1nica y Estatuto General de la Universidad, el 13 de marzo, el Consejo Universitario, discuti\u00f3 y aprob\u00f3 por unanimidad dicha solicitud del doctor Madue\u00f1a Molina.<\/p>\n\n\n\n<p>Tras llevarse a cabo este procedimiento, el 18 marzo, el Consejo Universitario, a trav\u00e9s de la Secretaria General, entreg\u00f3 a la Comisi\u00f3n de Elecciones y Consultas la Convocatoria para la elecci\u00f3n de la persona Titular de la Rector\u00eda periodo 2025-2029 as\u00ed como la solicitud de reelecci\u00f3n del doctor Jes\u00fas Madue\u00f1a Molina, Convocatoria que fue publicada inmediatamente al culminar este protocolo y con ello inici\u00f3 el proceso de renovaci\u00f3n de Rector o Rectora en esta M\u00e1xima Casa de Estudios. En ella se estableci\u00f3 que solo se podr\u00edan registrar personas del sexo femenino, con excepci\u00f3n de quien aspiraba a la reelecci\u00f3n de la rector\u00eda.<\/p>\n\n\n\n<p>Cumpliendo con lo establecido en las bases de la convocatoria, el 25 marzo un total de cuatro aspirantes se presentaron ante la Comisi\u00f3n de Elecciones y Consultas para solicitar su registro como aspirantes a la elecci\u00f3n de la persona Titular de la Rector\u00eda. Se trat\u00f3 de Jes\u00fas Madue\u00f1a Molina, Denisse D\u00edaz Qui\u00f1\u00f3nez, Jos\u00e9 Casimiro Zamora y Patricia Carmina Inzunza Mej\u00eda las personas que acudieron a registrar su candidatura y hacer entrega de los requisitos estipulados en la convocatoria.<\/p>\n\n\n\n<p>El 27 marzo, la Comisi\u00f3n, a trav\u00e9s de un comunicado oficial y su sitio web, hizo p\u00fablica la relaci\u00f3n de aspirantes que cumplieron con lo establecido en los art\u00edculos 30 bis de la Ley Org\u00e1nica de la UAS y la convocatoria emitida por el m\u00e1ximo \u00f3rgano de gobierno de la instituci\u00f3n para la elecci\u00f3n, siendo dos de los cuatro postulantes que acudieron a hacer su solicitud de registro los aceptados: el doctor Jes\u00fas Madue\u00f1a Molina y la doctora Denisse Azucena D\u00edaz Qui\u00f1\u00f3nez.<\/p>\n\n\n\n<p>A la par de estos hechos, la Comisi\u00f3n de Elecciones y Consultas realiz\u00f3 en las cuatro unidades regionales la capacitaci\u00f3n para delegadas y delegados, con el prop\u00f3sito de instruir a las y los universitarios para que la comunidad Rosalina viviera una jornada electoral democr\u00e1tica, fluida y sin contratiempos.<\/p>\n\n\n\n<p>Oficialmente, el 01 de abril la Comisi\u00f3n emiti\u00f3 el dictamen oficial de registro de las personas aspirantes a ocupar la Titularidad de la Rector\u00eda de la UAS, periodo 2025-2029, siendo estos el doctor Jes\u00fas Madue\u00f1a Molina y la doctora Denise Azucena D\u00edaz Qui\u00f1onez los que conformar\u00edan la terna para los pr\u00f3ximos comicios.<\/p>\n\n\n\n<p>Fue as\u00ed como del 02 al 04 de abril se realizaron las comparecencias p\u00fablicas de las personas aspirantes a la Rector\u00eda de la Universidad Aut\u00f3noma de Sinaloa (UAS) para el periodo 2025-2029, cerrando as\u00ed una etapa m\u00e1s de este proceso que ratific\u00f3 la muestra de civilidad ya que la comunidad universitaria en general se comport\u00f3 a la altura del proceso.<\/p>\n\n\n\n<p>El 02 se realizaron en Los Mochis y Guam\u00fachil, mientras que el 03 en Mazatl\u00e1n y el 04 en Culiac\u00e1n. Estudiantes, docentes, personal administrativo y p\u00fablico en general tuvieron la oportunidad de conocer de viva voz las propuestas de cada aspirante, as\u00ed como su semblanza. Tanto la doctora D\u00edaz Qui\u00f1\u00f3nez y el doctor Madue\u00f1a Molina contaron con 30 minutos para su exposici\u00f3n y posteriormente 15 minutos para responder las preguntas que se les presentaron por escrito.<\/p>\n\n\n\n<p>El 07 de abril se llevaron a cabo en total calma las Comparecencias privadas de las personas aspirantes a la Rector\u00eda, donde se les inform\u00f3 la log\u00edstica de la jornada de votaci\u00f3n. El 08 de abril se realiz\u00f3 de manera simult\u00e1nea, con absoluta organizaci\u00f3n y en un ambiente de civilidad, la entrega de 400 paquetes electorales en las cuatro Unidades Regionales.<\/p>\n\n\n\n<p>El 09 de abril, con gran \u00e9xito se llev\u00f3 a cabo la jornada de votaciones que celebr\u00f3 la Universidad Aut\u00f3noma de Sinaloa (UAS) en todas sus unidades acad\u00e9micas y organizacionales presentes en los 20 municipios para elecci\u00f3n a la Persona Titular de la Rector\u00eda para el per\u00edodo 2025-2029, un ejercicio hist\u00f3rico que registr\u00f3 la participaci\u00f3n de miles de universitarios.<\/p>\n\n\n\n<p>Estudiantes, docentes y administrativos de manera responsable acudieron a emitir su voto en una de las mil 08 urnas instaladas en m\u00e1s de 280 espacios universitarios, dejando constancia de la importancia de este proceso que definir\u00e1 el rumbo que tomar\u00e1 la casa de estudios por lo pr\u00f3ximos cuatro a\u00f1os.<\/p>\n\n\n\n<p>El resultado obtenido ser\u00e1 dado a conocer en la sesi\u00f3n del Consejo Universitario a celebrarse este 11 de abril, en el Auditorio de la Autonom\u00eda, donde adem\u00e1s la Comisi\u00f3n dar\u00e1 un informe completo de todo el proceso desde el d\u00eda en que inici\u00f3, enfatizando que, las resoluciones de dicho organismo y el nombramiento expedido por el Honorable Consejo Universitario ser\u00e1 inimpugnable y no admitir\u00e1n recurso alguno, de conformidad con el art\u00edculo 37 del Estatuto General.<\/p>\n\n\n\n<p>Por ello, la felicitaci\u00f3n y agradecimiento a la comunidad estudiantil, acad\u00e9mica y administrativos por haber ejercido su derecho al voto, demostrar una madurez democr\u00e1tica y dar ejemplo de civilidad en todo el proceso electoral que dejar\u00e1 huella para las pr\u00f3ximas generaciones.<\/p>\n\n\n\n<figure class=\"wp-block-gallery has-nested-images columns-default is-cropped wp-block-gallery-2 is-layout-flex wp-block-gallery-is-layout-flex\">\n<figure class=\"wp-block-image size-large\"><img loading=\"lazy\" decoding=\"async\" width=\"1024\" height=\"683\" data-id=\"15979\" src=\"https:\/\/lasnoticiasconjoselecota.com\/v1\/wp-content\/uploads\/2025\/04\/1000500525-1024x683.jpg\" alt=\"\" class=\"wp-image-15979\" srcset=\"https:\/\/lasnoticiasconjoselecota.com\/v1\/wp-content\/uploads\/2025\/04\/1000500525-1024x683.jpg 1024w, https:\/\/lasnoticiasconjoselecota.com\/v1\/wp-content\/uploads\/2025\/04\/1000500525-300x200.jpg 300w, https:\/\/lasnoticiasconjoselecota.com\/v1\/wp-content\/uploads\/2025\/04\/1000500525-768x512.jpg 768w, https:\/\/lasnoticiasconjoselecota.com\/v1\/wp-content\/uploads\/2025\/04\/1000500525.jpg 1080w\" sizes=\"auto, (max-width: 1024px) 100vw, 1024px\" \/><\/figure>\n\n\n\n<figure class=\"wp-block-image size-large\"><img loading=\"lazy\" decoding=\"async\" width=\"1024\" height=\"681\" data-id=\"15980\" src=\"https:\/\/lasnoticiasconjoselecota.com\/v1\/wp-content\/uploads\/2025\/04\/1000500527-1024x681.jpg\" alt=\"\" class=\"wp-image-15980\" srcset=\"https:\/\/lasnoticiasconjoselecota.com\/v1\/wp-content\/uploads\/2025\/04\/1000500527-1024x681.jpg 1024w, https:\/\/lasnoticiasconjoselecota.com\/v1\/wp-content\/uploads\/2025\/04\/1000500527-300x199.jpg 300w, https:\/\/lasnoticiasconjoselecota.com\/v1\/wp-content\/uploads\/2025\/04\/1000500527-768x511.jpg 768w, https:\/\/lasnoticiasconjoselecota.com\/v1\/wp-content\/uploads\/2025\/04\/1000500527.jpg 1080w\" sizes=\"auto, (max-width: 1024px) 100vw, 1024px\" \/><\/figure>\n\n\n\n<figure class=\"wp-block-image size-large\"><img loading=\"lazy\" decoding=\"async\" width=\"1024\" height=\"683\" data-id=\"15981\" src=\"https:\/\/lasnoticiasconjoselecota.com\/v1\/wp-content\/uploads\/2025\/04\/1000500528-1024x683.jpg\" alt=\"\" class=\"wp-image-15981\" srcset=\"https:\/\/lasnoticiasconjoselecota.com\/v1\/wp-content\/uploads\/2025\/04\/1000500528-1024x683.jpg 1024w, https:\/\/lasnoticiasconjoselecota.com\/v1\/wp-content\/uploads\/2025\/04\/1000500528-300x200.jpg 300w, https:\/\/lasnoticiasconjoselecota.com\/v1\/wp-content\/uploads\/2025\/04\/1000500528-768x512.jpg 768w, https:\/\/lasnoticiasconjoselecota.com\/v1\/wp-content\/uploads\/2025\/04\/1000500528.jpg 1080w\" sizes=\"auto, (max-width: 1024px) 100vw, 1024px\" \/><\/figure>\n<\/figure>\n","protected":false},"excerpt":{"rendered":"<p>Tras cuatro meses de una intensa agenda desprendida de las reformas y adecuaciones a la Ley Org\u00e1nica, ser\u00e1 este viernes 11 de abril cuando la Comisi\u00f3n de Elecciones y Consultas&hellip; <\/p>\n","protected":false},"author":3,"featured_media":15982,"comment_status":"open","ping_status":"closed","sticky":false,"template":"","format":"standard","meta":{"footnotes":""},"categories":[15],"tags":[],"class_list":["post-15978","post","type-post","status-publish","format-standard","has-post-thumbnail","hentry","category-estatal"],"_links":{"self":[{"href":"https:\/\/lasnoticiasconjoselecota.com\/v1\/wp-json\/wp\/v2\/posts\/15978","targetHints":{"allow":["GET"]}}],"collection":[{"href":"https:\/\/lasnoticiasconjoselecota.com\/v1\/wp-json\/wp\/v2\/posts"}],"about":[{"href":"https:\/\/lasnoticiasconjoselecota.com\/v1\/wp-json\/wp\/v2\/types\/post"}],"author":[{"embeddable":true,"href":"https:\/\/lasnoticiasconjoselecota.com\/v1\/wp-json\/wp\/v2\/users\/3"}],"replies":[{"embeddable":true,"href":"https:\/\/lasnoticiasconjoselecota.com\/v1\/wp-json\/wp\/v2\/comments?post=15978"}],"version-history":[{"count":1,"href":"https:\/\/lasnoticiasconjoselecota.com\/v1\/wp-json\/wp\/v2\/posts\/15978\/revisions"}],"predecessor-version":[{"id":15983,"href":"https:\/\/lasnoticiasconjoselecota.com\/v1\/wp-json\/wp\/v2\/posts\/15978\/revisions\/15983"}],"wp:featuredmedia":[{"embeddable":true,"href":"https:\/\/lasnoticiasconjoselecota.com\/v1\/wp-json\/wp\/v2\/media\/15982"}],"wp:attachment":[{"href":"https:\/\/lasnoticiasconjoselecota.com\/v1\/wp-json\/wp\/v2\/media?parent=15978"}],"wp:term":[{"taxonomy":"category","embeddable":true,"href":"https:\/\/lasnoticiasconjoselecota.com\/v1\/wp-json\/wp\/v2\/categories?post=15978"},{"taxonomy":"post_tag","embeddable":true,"href":"https:\/\/lasnoticiasconjoselecota.com\/v1\/wp-json\/wp\/v2\/tags?post=15978"}],"curies":[{"name":"wp","href":"https:\/\/api.w.org\/{rel}","templated":true}]}}