{"id":15984,"date":"2025-04-11T08:05:14","date_gmt":"2025-04-11T15:05:14","guid":{"rendered":"https:\/\/lasnoticiasconjoselecota.com\/v1\/?p=15984"},"modified":"2025-04-11T08:05:15","modified_gmt":"2025-04-11T15:05:15","slug":"este-viernes-salen-de-vacaciones-de-semana-santa-mas-de-500-mil-alumnas-y-alumnos-de-sinaloa","status":"publish","type":"post","link":"https:\/\/lasnoticiasconjoselecota.com\/v1\/estatal\/este-viernes-salen-de-vacaciones-de-semana-santa-mas-de-500-mil-alumnas-y-alumnos-de-sinaloa\/","title":{"rendered":"Este viernes, salen de vacaciones de Semana Santa m\u00e1s de 500 mil alumnas y alumnos de Sinaloa"},"content":{"rendered":"\n<ul class=\"wp-block-list\">\n<li><em>Ser\u00e1 el lunes 28 de abril cuando regresen a las aulas<\/em> <em>Culiac\u00e1n, Sinaloa, a 11 de abril de 2025.-<\/em> Del 14 al 25 de abril todas las escuelas de Educaci\u00f3n B\u00e1sica (inicial, preescolar, primaria y secundaria), tanto de escuelas p\u00fablicas como particulares, tendr\u00e1n su periodo vacacional correspondiente a Semana Santa, inform\u00f3 la Secretaria de Educaci\u00f3n P\u00fablica y Cultura, Lic. Gloria Himelda F\u00e9lix Niebla.<\/li>\n<\/ul>\n\n\n\n<p>Este viernes 11 de abril, es el \u00faltimo d\u00eda de clases para la modalidad escolarizada, con una matr\u00edcula total de 573 mil 208 ni\u00f1as, ni\u00f1os y adolescentes, as\u00ed como 32 mil 862 docentes de Educaci\u00f3n B\u00e1sica; esto de acuerdo al Calendario Escolar 2024-2025.<\/p>\n\n\n\n<p>Respecto a Educaci\u00f3n Media Superior, el receso se toma de acuerdo a los Planes y Programas de Estudios vigentes de cada subsistema (matr\u00edcula de 142 mil 017 estudiantes); en Educaci\u00f3n Superior, corresponde a las autoridades de cada Universidad o Instituci\u00f3n de Educaci\u00f3n Superior, determinar el periodo de receso, conforme lo establecen sus calendarios escolares (matr\u00edcula 133 mil 260 universitarios).<\/p>\n\n\n\n<p>La Secretaria de Educaci\u00f3n exhort\u00f3 a los padres, madres y tutores, a disfrutar de este receso escolar y aprovechar para fomentar la convivencia familiar, as\u00ed como una alimentaci\u00f3n saludable y actividades f\u00edsicas.<\/p>\n\n\n\n<p>De Educaci\u00f3n B\u00e1sica, son 573 mil 208 alumnos, de los cuales 10 mil 642 son de educaci\u00f3n inicial; 95 mil 971 de preescolar, 293 mil 137 de primaria, 149 mil 605 de secundaria y 23 mil 853 ni\u00f1as y ni\u00f1os de educaci\u00f3n especial. Todos atendidos por 32 mil 862 docentes.<\/p>\n\n\n\n<figure class=\"wp-block-gallery has-nested-images columns-default is-cropped wp-block-gallery-2 is-layout-flex wp-block-gallery-is-layout-flex\">\n<figure class=\"wp-block-image size-large\"><img loading=\"lazy\" decoding=\"async\" width=\"1024\" height=\"683\" data-id=\"15985\" src=\"https:\/\/lasnoticiasconjoselecota.com\/v1\/wp-content\/uploads\/2025\/04\/1000500546-1024x683.jpg\" alt=\"\" class=\"wp-image-15985\" srcset=\"https:\/\/lasnoticiasconjoselecota.com\/v1\/wp-content\/uploads\/2025\/04\/1000500546-1024x683.jpg 1024w, https:\/\/lasnoticiasconjoselecota.com\/v1\/wp-content\/uploads\/2025\/04\/1000500546-300x200.jpg 300w, https:\/\/lasnoticiasconjoselecota.com\/v1\/wp-content\/uploads\/2025\/04\/1000500546-768x512.jpg 768w, https:\/\/lasnoticiasconjoselecota.com\/v1\/wp-content\/uploads\/2025\/04\/1000500546.jpg 1080w\" sizes=\"auto, (max-width: 1024px) 100vw, 1024px\" \/><\/figure>\n\n\n\n<figure class=\"wp-block-image size-large\"><img loading=\"lazy\" decoding=\"async\" width=\"1024\" height=\"768\" data-id=\"15986\" src=\"https:\/\/lasnoticiasconjoselecota.com\/v1\/wp-content\/uploads\/2025\/04\/1000500547-1024x768.jpg\" alt=\"\" class=\"wp-image-15986\" srcset=\"https:\/\/lasnoticiasconjoselecota.com\/v1\/wp-content\/uploads\/2025\/04\/1000500547-1024x768.jpg 1024w, https:\/\/lasnoticiasconjoselecota.com\/v1\/wp-content\/uploads\/2025\/04\/1000500547-300x225.jpg 300w, https:\/\/lasnoticiasconjoselecota.com\/v1\/wp-content\/uploads\/2025\/04\/1000500547-768x576.jpg 768w, https:\/\/lasnoticiasconjoselecota.com\/v1\/wp-content\/uploads\/2025\/04\/1000500547.jpg 1080w\" sizes=\"auto, (max-width: 1024px) 100vw, 1024px\" \/><\/figure>\n\n\n\n<figure class=\"wp-block-image size-large\"><img loading=\"lazy\" decoding=\"async\" width=\"768\" height=\"1024\" data-id=\"15987\" src=\"https:\/\/lasnoticiasconjoselecota.com\/v1\/wp-content\/uploads\/2025\/04\/1000500548-768x1024.jpg\" alt=\"\" class=\"wp-image-15987\" srcset=\"https:\/\/lasnoticiasconjoselecota.com\/v1\/wp-content\/uploads\/2025\/04\/1000500548-768x1024.jpg 768w, https:\/\/lasnoticiasconjoselecota.com\/v1\/wp-content\/uploads\/2025\/04\/1000500548-225x300.jpg 225w, https:\/\/lasnoticiasconjoselecota.com\/v1\/wp-content\/uploads\/2025\/04\/1000500548.jpg 1080w\" sizes=\"auto, (max-width: 768px) 100vw, 768px\" \/><\/figure>\n<\/figure>\n","protected":false},"excerpt":{"rendered":"<p>Este viernes 11 de abril, es el \u00faltimo d\u00eda de clases para la modalidad escolarizada, con una matr\u00edcula total de 573 mil 208 ni\u00f1as, ni\u00f1os y adolescentes, as\u00ed como 32&hellip; <\/p>\n","protected":false},"author":3,"featured_media":15988,"comment_status":"open","ping_status":"closed","sticky":false,"template":"","format":"standard","meta":{"footnotes":""},"categories":[15],"tags":[],"class_list":["post-15984","post","type-post","status-publish","format-standard","has-post-thumbnail","hentry","category-estatal"],"_links":{"self":[{"href":"https:\/\/lasnoticiasconjoselecota.com\/v1\/wp-json\/wp\/v2\/posts\/15984","targetHints":{"allow":["GET"]}}],"collection":[{"href":"https:\/\/lasnoticiasconjoselecota.com\/v1\/wp-json\/wp\/v2\/posts"}],"about":[{"href":"https:\/\/lasnoticiasconjoselecota.com\/v1\/wp-json\/wp\/v2\/types\/post"}],"author":[{"embeddable":true,"href":"https:\/\/lasnoticiasconjoselecota.com\/v1\/wp-json\/wp\/v2\/users\/3"}],"replies":[{"embeddable":true,"href":"https:\/\/lasnoticiasconjoselecota.com\/v1\/wp-json\/wp\/v2\/comments?post=15984"}],"version-history":[{"count":1,"href":"https:\/\/lasnoticiasconjoselecota.com\/v1\/wp-json\/wp\/v2\/posts\/15984\/revisions"}],"predecessor-version":[{"id":15989,"href":"https:\/\/lasnoticiasconjoselecota.com\/v1\/wp-json\/wp\/v2\/posts\/15984\/revisions\/15989"}],"wp:featuredmedia":[{"embeddable":true,"href":"https:\/\/lasnoticiasconjoselecota.com\/v1\/wp-json\/wp\/v2\/media\/15988"}],"wp:attachment":[{"href":"https:\/\/lasnoticiasconjoselecota.com\/v1\/wp-json\/wp\/v2\/media?parent=15984"}],"wp:term":[{"taxonomy":"category","embeddable":true,"href":"https:\/\/lasnoticiasconjoselecota.com\/v1\/wp-json\/wp\/v2\/categories?post=15984"},{"taxonomy":"post_tag","embeddable":true,"href":"https:\/\/lasnoticiasconjoselecota.com\/v1\/wp-json\/wp\/v2\/tags?post=15984"}],"curies":[{"name":"wp","href":"https:\/\/api.w.org\/{rel}","templated":true}]}}