{"id":16486,"date":"2025-04-30T12:55:01","date_gmt":"2025-04-30T19:55:01","guid":{"rendered":"https:\/\/lasnoticiasconjoselecota.com\/v1\/?p=16486"},"modified":"2025-04-30T12:55:03","modified_gmt":"2025-04-30T19:55:03","slug":"capacitan-a-enlaces-de-transparencia-para-lograr-cumplimiento-del-100-en-declaraciones-patrimoniales-en-salvador-alvarado","status":"publish","type":"post","link":"https:\/\/lasnoticiasconjoselecota.com\/v1\/locales\/capacitan-a-enlaces-de-transparencia-para-lograr-cumplimiento-del-100-en-declaraciones-patrimoniales-en-salvador-alvarado\/","title":{"rendered":"Capacitan a enlaces de transparencia para lograr cumplimiento del 100% en declaraciones patrimoniales en Salvador Alvarado"},"content":{"rendered":"\n<p>Jes\u00fas Alberto Retamoza Gonz\u00e1lez, titular del \u00d3rgano Interno de Control, mencion\u00f3 que se est\u00e1n coordinando esfuerzos para que este a\u00f1o se logre el 100% en la presentaci\u00f3n de las declaraciones obligatorias<\/p>\n\n\n\n<p>Guam\u00fachil, Sinaloa a 30 de abril del 2025.- Con el objetivo de reforzar la cultura de la transparencia y la rendici\u00f3n de cuentas, el \u00d3rgano Interno de Control del Ayuntamiento de Salvador Alvarado llev\u00f3 a cabo una capacitaci\u00f3n dirigida a los enlaces de transparencia de todas las direcciones municipales, as\u00ed como de los institutos descentralizados y paramunicipales.<\/p>\n\n\n\n<p>Jes\u00fas Alberto Retamoza Gonz\u00e1lez, titular del \u00f3rgano, inform\u00f3 que este a\u00f1o se tiene como meta lograr el 100% en la presentaci\u00f3n de las declaraciones patrimoniales, de intereses y fiscales por parte de los servidores p\u00fablicos obligados. Explic\u00f3 que si bien en los \u00faltimos dos a\u00f1os se ha avanzado considerablemente en este tema, a\u00fan no se alcanza la totalidad del cumplimiento, agreg\u00f3 que se buscar\u00e1 sacar el mejor beneficio de la implementaci\u00f3n del sistema Declaranet.<\/p>\n\n\n\n<p>Se\u00f1al\u00f3 que se trabajar\u00e1 de forma escalonada, con la emisi\u00f3n de informes semanales que permitan monitorear los avances y brindar seguimiento oportuno a cada uno de los casos. Asegur\u00f3 que este esfuerzo colectivo ser\u00e1 clave para alcanzar el objetivo planteado para el 2025.<\/p>\n\n\n\n<p>El funcionario puntualiz\u00f3 que las tres declaraciones patrimonial, de intereses y fiscal que conforman el sistema de evoluci\u00f3n patrimonial que est\u00e1 bajo la supervisi\u00f3n del \u00d3rgano Interno de Control. A\u00f1adi\u00f3 que, al cierre del periodo establecido, se realizar\u00e1 una revisi\u00f3n aleatoria de las declaraciones presentadas con el fin de detectar o descartar posibles omisiones.<\/p>\n\n\n\n<figure class=\"wp-block-gallery has-nested-images columns-default is-cropped wp-block-gallery-2 is-layout-flex wp-block-gallery-is-layout-flex\">\n<figure class=\"wp-block-image size-large\"><img loading=\"lazy\" decoding=\"async\" width=\"1024\" height=\"680\" data-id=\"16487\" src=\"https:\/\/lasnoticiasconjoselecota.com\/v1\/wp-content\/uploads\/2025\/04\/1000524676-1024x680.jpg\" alt=\"\" class=\"wp-image-16487\" srcset=\"https:\/\/lasnoticiasconjoselecota.com\/v1\/wp-content\/uploads\/2025\/04\/1000524676-1024x680.jpg 1024w, https:\/\/lasnoticiasconjoselecota.com\/v1\/wp-content\/uploads\/2025\/04\/1000524676-300x199.jpg 300w, https:\/\/lasnoticiasconjoselecota.com\/v1\/wp-content\/uploads\/2025\/04\/1000524676-768x510.jpg 768w, https:\/\/lasnoticiasconjoselecota.com\/v1\/wp-content\/uploads\/2025\/04\/1000524676-1536x1020.jpg 1536w, https:\/\/lasnoticiasconjoselecota.com\/v1\/wp-content\/uploads\/2025\/04\/1000524676.jpg 1600w\" sizes=\"auto, (max-width: 1024px) 100vw, 1024px\" \/><\/figure>\n\n\n\n<figure class=\"wp-block-image size-large\"><img loading=\"lazy\" decoding=\"async\" width=\"1024\" height=\"682\" data-id=\"16489\" src=\"https:\/\/lasnoticiasconjoselecota.com\/v1\/wp-content\/uploads\/2025\/04\/1000524674-1024x682.jpg\" alt=\"\" class=\"wp-image-16489\" srcset=\"https:\/\/lasnoticiasconjoselecota.com\/v1\/wp-content\/uploads\/2025\/04\/1000524674-1024x682.jpg 1024w, https:\/\/lasnoticiasconjoselecota.com\/v1\/wp-content\/uploads\/2025\/04\/1000524674-300x200.jpg 300w, https:\/\/lasnoticiasconjoselecota.com\/v1\/wp-content\/uploads\/2025\/04\/1000524674-768x512.jpg 768w, https:\/\/lasnoticiasconjoselecota.com\/v1\/wp-content\/uploads\/2025\/04\/1000524674-1536x1023.jpg 1536w, https:\/\/lasnoticiasconjoselecota.com\/v1\/wp-content\/uploads\/2025\/04\/1000524674.jpg 1600w\" sizes=\"auto, (max-width: 1024px) 100vw, 1024px\" \/><\/figure>\n\n\n\n<figure class=\"wp-block-image size-large\"><img loading=\"lazy\" decoding=\"async\" width=\"1024\" height=\"682\" data-id=\"16488\" src=\"https:\/\/lasnoticiasconjoselecota.com\/v1\/wp-content\/uploads\/2025\/04\/1000524673-1024x682.jpg\" alt=\"\" class=\"wp-image-16488\" srcset=\"https:\/\/lasnoticiasconjoselecota.com\/v1\/wp-content\/uploads\/2025\/04\/1000524673-1024x682.jpg 1024w, https:\/\/lasnoticiasconjoselecota.com\/v1\/wp-content\/uploads\/2025\/04\/1000524673-300x200.jpg 300w, https:\/\/lasnoticiasconjoselecota.com\/v1\/wp-content\/uploads\/2025\/04\/1000524673-768x512.jpg 768w, https:\/\/lasnoticiasconjoselecota.com\/v1\/wp-content\/uploads\/2025\/04\/1000524673-1536x1023.jpg 1536w, https:\/\/lasnoticiasconjoselecota.com\/v1\/wp-content\/uploads\/2025\/04\/1000524673.jpg 1600w\" sizes=\"auto, (max-width: 1024px) 100vw, 1024px\" \/><\/figure>\n<\/figure>\n","protected":false},"excerpt":{"rendered":"<p>Jes\u00fas Alberto Retamoza Gonz\u00e1lez, titular del \u00d3rgano Interno de Control, mencion\u00f3 que se est\u00e1n coordinando esfuerzos para que este a\u00f1o se logre el 100% en la presentaci\u00f3n de las declaraciones&hellip; <\/p>\n","protected":false},"author":3,"featured_media":16490,"comment_status":"open","ping_status":"closed","sticky":false,"template":"","format":"standard","meta":{"footnotes":""},"categories":[3],"tags":[],"class_list":["post-16486","post","type-post","status-publish","format-standard","has-post-thumbnail","hentry","category-locales"],"_links":{"self":[{"href":"https:\/\/lasnoticiasconjoselecota.com\/v1\/wp-json\/wp\/v2\/posts\/16486","targetHints":{"allow":["GET"]}}],"collection":[{"href":"https:\/\/lasnoticiasconjoselecota.com\/v1\/wp-json\/wp\/v2\/posts"}],"about":[{"href":"https:\/\/lasnoticiasconjoselecota.com\/v1\/wp-json\/wp\/v2\/types\/post"}],"author":[{"embeddable":true,"href":"https:\/\/lasnoticiasconjoselecota.com\/v1\/wp-json\/wp\/v2\/users\/3"}],"replies":[{"embeddable":true,"href":"https:\/\/lasnoticiasconjoselecota.com\/v1\/wp-json\/wp\/v2\/comments?post=16486"}],"version-history":[{"count":1,"href":"https:\/\/lasnoticiasconjoselecota.com\/v1\/wp-json\/wp\/v2\/posts\/16486\/revisions"}],"predecessor-version":[{"id":16491,"href":"https:\/\/lasnoticiasconjoselecota.com\/v1\/wp-json\/wp\/v2\/posts\/16486\/revisions\/16491"}],"wp:featuredmedia":[{"embeddable":true,"href":"https:\/\/lasnoticiasconjoselecota.com\/v1\/wp-json\/wp\/v2\/media\/16490"}],"wp:attachment":[{"href":"https:\/\/lasnoticiasconjoselecota.com\/v1\/wp-json\/wp\/v2\/media?parent=16486"}],"wp:term":[{"taxonomy":"category","embeddable":true,"href":"https:\/\/lasnoticiasconjoselecota.com\/v1\/wp-json\/wp\/v2\/categories?post=16486"},{"taxonomy":"post_tag","embeddable":true,"href":"https:\/\/lasnoticiasconjoselecota.com\/v1\/wp-json\/wp\/v2\/tags?post=16486"}],"curies":[{"name":"wp","href":"https:\/\/api.w.org\/{rel}","templated":true}]}}