{"id":16492,"date":"2025-04-30T13:46:08","date_gmt":"2025-04-30T20:46:08","guid":{"rendered":"https:\/\/lasnoticiasconjoselecota.com\/v1\/?p=16492"},"modified":"2025-04-30T13:46:10","modified_gmt":"2025-04-30T20:46:10","slug":"la-ninez-es-una-etapa-maravillosa-que-debemos-celebrar-con-entusiasmo-y-carino-parra-melecio","status":"publish","type":"post","link":"https:\/\/lasnoticiasconjoselecota.com\/v1\/locales\/la-ninez-es-una-etapa-maravillosa-que-debemos-celebrar-con-entusiasmo-y-carino-parra-melecio\/","title":{"rendered":"La ni\u00f1ez es una etapa maravillosa que debemos celebrar con entusiasmo y cari\u00f1o: Parra Melecio."},"content":{"rendered":"\n<p><em>*Celebra el Gobierno Municipal de Mocorito el D\u00eda de la Ni\u00f1ez con alegr\u00eda y promoci\u00f3n de la salud en la Escuela \u201cAgustina Ram\u00edrez\u201d.<\/em><\/p>\n\n\n\n<p><em>Mocorito, Sinaloa, a 30 de abril de 2025.-<\/em> En el marco del D\u00eda de la Ni\u00f1ez, el H. Ayuntamiento de Mocorito y el Sistema DIF Municipal llevaron a cabo una emotiva celebraci\u00f3n en la Escuela Primaria \u201cAgustina Ram\u00edrez\u201d, combinando actividades recreativas y la promoci\u00f3n del bienestar a trav\u00e9s del programa Escuela Saludable.<\/p>\n\n\n\n<p>La jornada fue encabezada por el presidente municipal, Enrique Parra Melecio, quien fue recibido con entusiasmo por ni\u00f1as, ni\u00f1os, docentes y padres de familia. En su mensaje, el alcalde comparti\u00f3 una an\u00e9cdota emotiva con la comunidad escolar, recordando su paso como director de esa misma instituci\u00f3n: \u201cHoy es un d\u00eda de alegr\u00eda y festejo. Es muy especial para m\u00ed estar aqu\u00ed, en lo que durante quince a\u00f1os fue mi segundo hogar. Esta escuela me trae recuerdos entra\u00f1ables y me llena de emoci\u00f3n compartir esta fecha tan significativa con ustedes. La ni\u00f1ez es una etapa maravillosa que debemos celebrar con entusiasmo y cari\u00f1o\u201d.<\/p>\n\n\n\n<p>Por su parte, la presidenta del Sistema DIF Municipal, Mar\u00eda del Carmen Mu\u00f1oz Rojas, agradeci\u00f3 a las y los alumnos por su energ\u00eda, sonrisas y participaci\u00f3n activa: \u201cGracias por regalarnos una ma\u00f1ana inolvidable con su entusiasmo. Desde el DIF Mocorito seguiremos sumando esfuerzos para crear entornos m\u00e1s saludables, pero sobre todo m\u00e1s felices para nuestras ni\u00f1as y ni\u00f1os. Tambi\u00e9n reconocemos a las y los docentes, quienes con su ejemplo contin\u00faan formando generaciones m\u00e1s conscientes y responsables\u201d.<\/p>\n\n\n\n<p>En el evento no faltaron los juegos, las risas ni la convivencia. Las ni\u00f1as y ni\u00f1os disfrutaron de snacks saludables, juguetes, actividades recreativas y la alegre presencia de payasitas, todo en un ambiente festivo y de cuidado a su salud.<\/p>\n\n\n\n<figure class=\"wp-block-gallery has-nested-images columns-default is-cropped wp-block-gallery-2 is-layout-flex wp-block-gallery-is-layout-flex\">\n<figure class=\"wp-block-image size-large\"><img loading=\"lazy\" decoding=\"async\" width=\"1024\" height=\"768\" data-id=\"16493\" src=\"https:\/\/lasnoticiasconjoselecota.com\/v1\/wp-content\/uploads\/2025\/04\/1000524839-1024x768.jpg\" alt=\"\" class=\"wp-image-16493\" srcset=\"https:\/\/lasnoticiasconjoselecota.com\/v1\/wp-content\/uploads\/2025\/04\/1000524839-1024x768.jpg 1024w, https:\/\/lasnoticiasconjoselecota.com\/v1\/wp-content\/uploads\/2025\/04\/1000524839-300x225.jpg 300w, https:\/\/lasnoticiasconjoselecota.com\/v1\/wp-content\/uploads\/2025\/04\/1000524839-768x576.jpg 768w, https:\/\/lasnoticiasconjoselecota.com\/v1\/wp-content\/uploads\/2025\/04\/1000524839-1536x1152.jpg 1536w, https:\/\/lasnoticiasconjoselecota.com\/v1\/wp-content\/uploads\/2025\/04\/1000524839-2048x1536.jpg 2048w\" sizes=\"auto, (max-width: 1024px) 100vw, 1024px\" \/><\/figure>\n\n\n\n<figure class=\"wp-block-image size-large\"><img loading=\"lazy\" decoding=\"async\" width=\"1024\" height=\"768\" data-id=\"16496\" src=\"https:\/\/lasnoticiasconjoselecota.com\/v1\/wp-content\/uploads\/2025\/04\/1000524837-1024x768.jpg\" alt=\"\" class=\"wp-image-16496\" srcset=\"https:\/\/lasnoticiasconjoselecota.com\/v1\/wp-content\/uploads\/2025\/04\/1000524837-1024x768.jpg 1024w, https:\/\/lasnoticiasconjoselecota.com\/v1\/wp-content\/uploads\/2025\/04\/1000524837-300x225.jpg 300w, https:\/\/lasnoticiasconjoselecota.com\/v1\/wp-content\/uploads\/2025\/04\/1000524837-768x576.jpg 768w, https:\/\/lasnoticiasconjoselecota.com\/v1\/wp-content\/uploads\/2025\/04\/1000524837-1536x1152.jpg 1536w, https:\/\/lasnoticiasconjoselecota.com\/v1\/wp-content\/uploads\/2025\/04\/1000524837-2048x1536.jpg 2048w\" sizes=\"auto, (max-width: 1024px) 100vw, 1024px\" \/><\/figure>\n\n\n\n<figure class=\"wp-block-image size-large\"><img loading=\"lazy\" decoding=\"async\" width=\"1024\" height=\"768\" data-id=\"16494\" src=\"https:\/\/lasnoticiasconjoselecota.com\/v1\/wp-content\/uploads\/2025\/04\/1000524836-1024x768.jpg\" alt=\"\" class=\"wp-image-16494\" srcset=\"https:\/\/lasnoticiasconjoselecota.com\/v1\/wp-content\/uploads\/2025\/04\/1000524836-1024x768.jpg 1024w, https:\/\/lasnoticiasconjoselecota.com\/v1\/wp-content\/uploads\/2025\/04\/1000524836-300x225.jpg 300w, https:\/\/lasnoticiasconjoselecota.com\/v1\/wp-content\/uploads\/2025\/04\/1000524836-768x576.jpg 768w, https:\/\/lasnoticiasconjoselecota.com\/v1\/wp-content\/uploads\/2025\/04\/1000524836-1536x1152.jpg 1536w, https:\/\/lasnoticiasconjoselecota.com\/v1\/wp-content\/uploads\/2025\/04\/1000524836-2048x1536.jpg 2048w\" sizes=\"auto, (max-width: 1024px) 100vw, 1024px\" \/><\/figure>\n\n\n\n<figure class=\"wp-block-image size-large\"><img loading=\"lazy\" decoding=\"async\" width=\"1024\" height=\"768\" data-id=\"16495\" src=\"https:\/\/lasnoticiasconjoselecota.com\/v1\/wp-content\/uploads\/2025\/04\/1000524834-1024x768.jpg\" alt=\"\" class=\"wp-image-16495\" srcset=\"https:\/\/lasnoticiasconjoselecota.com\/v1\/wp-content\/uploads\/2025\/04\/1000524834-1024x768.jpg 1024w, https:\/\/lasnoticiasconjoselecota.com\/v1\/wp-content\/uploads\/2025\/04\/1000524834-300x225.jpg 300w, https:\/\/lasnoticiasconjoselecota.com\/v1\/wp-content\/uploads\/2025\/04\/1000524834-768x576.jpg 768w, https:\/\/lasnoticiasconjoselecota.com\/v1\/wp-content\/uploads\/2025\/04\/1000524834-1536x1152.jpg 1536w, https:\/\/lasnoticiasconjoselecota.com\/v1\/wp-content\/uploads\/2025\/04\/1000524834-2048x1536.jpg 2048w\" sizes=\"auto, (max-width: 1024px) 100vw, 1024px\" \/><\/figure>\n<\/figure>\n","protected":false},"excerpt":{"rendered":"<p>*Celebra el Gobierno Municipal de Mocorito el D\u00eda de la Ni\u00f1ez con alegr\u00eda y promoci\u00f3n de la salud en la Escuela \u201cAgustina Ram\u00edrez\u201d. Mocorito, Sinaloa, a 30 de abril de&hellip; <\/p>\n","protected":false},"author":3,"featured_media":16497,"comment_status":"open","ping_status":"closed","sticky":false,"template":"","format":"standard","meta":{"footnotes":""},"categories":[3],"tags":[],"class_list":["post-16492","post","type-post","status-publish","format-standard","has-post-thumbnail","hentry","category-locales"],"_links":{"self":[{"href":"https:\/\/lasnoticiasconjoselecota.com\/v1\/wp-json\/wp\/v2\/posts\/16492","targetHints":{"allow":["GET"]}}],"collection":[{"href":"https:\/\/lasnoticiasconjoselecota.com\/v1\/wp-json\/wp\/v2\/posts"}],"about":[{"href":"https:\/\/lasnoticiasconjoselecota.com\/v1\/wp-json\/wp\/v2\/types\/post"}],"author":[{"embeddable":true,"href":"https:\/\/lasnoticiasconjoselecota.com\/v1\/wp-json\/wp\/v2\/users\/3"}],"replies":[{"embeddable":true,"href":"https:\/\/lasnoticiasconjoselecota.com\/v1\/wp-json\/wp\/v2\/comments?post=16492"}],"version-history":[{"count":1,"href":"https:\/\/lasnoticiasconjoselecota.com\/v1\/wp-json\/wp\/v2\/posts\/16492\/revisions"}],"predecessor-version":[{"id":16498,"href":"https:\/\/lasnoticiasconjoselecota.com\/v1\/wp-json\/wp\/v2\/posts\/16492\/revisions\/16498"}],"wp:featuredmedia":[{"embeddable":true,"href":"https:\/\/lasnoticiasconjoselecota.com\/v1\/wp-json\/wp\/v2\/media\/16497"}],"wp:attachment":[{"href":"https:\/\/lasnoticiasconjoselecota.com\/v1\/wp-json\/wp\/v2\/media?parent=16492"}],"wp:term":[{"taxonomy":"category","embeddable":true,"href":"https:\/\/lasnoticiasconjoselecota.com\/v1\/wp-json\/wp\/v2\/categories?post=16492"},{"taxonomy":"post_tag","embeddable":true,"href":"https:\/\/lasnoticiasconjoselecota.com\/v1\/wp-json\/wp\/v2\/tags?post=16492"}],"curies":[{"name":"wp","href":"https:\/\/api.w.org\/{rel}","templated":true}]}}