{"id":16499,"date":"2025-05-01T09:52:09","date_gmt":"2025-05-01T16:52:09","guid":{"rendered":"https:\/\/lasnoticiasconjoselecota.com\/v1\/?p=16499"},"modified":"2025-05-01T09:52:10","modified_gmt":"2025-05-01T16:52:10","slug":"aprueban-en-cabildo-convocatoria-para-eleccion-de-sindicos-comisario-y-consejos-civicos-en-angostura","status":"publish","type":"post","link":"https:\/\/lasnoticiasconjoselecota.com\/v1\/locales\/aprueban-en-cabildo-convocatoria-para-eleccion-de-sindicos-comisario-y-consejos-civicos-en-angostura\/","title":{"rendered":"Aprueban en Cabildo convocatoria para elecci\u00f3n de s\u00edndicos, comisario y consejos c\u00edvicos en Angostura"},"content":{"rendered":"\n<p>Angostura, Sinaloa a 30 de Abril de 2025.- Por unanimidad aprobaron en sesi\u00f3n de Cabildo n\u00famero ocho la convocatoria para la elecci\u00f3n de s\u00edndicos, comisarios y consejos c\u00edvicos de participaci\u00f3n ciudadana en el Municipio de Angostura.<\/p>\n\n\n\n<p>Alberto \u00abEl Capy\u00bb Rivera, encabez\u00f3 la sesi\u00f3n de Cabildo donde pidi\u00f3 a los angosturenses participar siempre pensando en el bien del municipio, y dijo que invita a los funcionarios p\u00fablicos a mantenerse al margen del proceso.<\/p>\n\n\n\n<p>\u00abMe da mucho gusto que haya mucha gente interesada en participar en este proceso, quiero decirles a los funcionarios p\u00fablicos que eviten meter las manos en esta elecci\u00f3n\u00bb manifest\u00f3 el Presidente Municipal.<\/p>\n\n\n\n<p>La Regidora Cielo Minerva Camacho Montes Presidenta de la Comisi\u00f3n de Gobernaci\u00f3n, dio lectura al proyecto de convocatoria para la elecci\u00f3n de s\u00edndicos y comisarios.<\/p>\n\n\n\n<p>Ah\u00ed se acord\u00f3 que ser\u00e1 a partir del d\u00eda dos al quince de mayo cuando los interesados en participar para s\u00edndicos y comisarios puedan registrarse ante la Comisi\u00f3n Municipal Electoral.<\/p>\n\n\n\n<p>Adem\u00e1s se establece que quienes ostenten un cargo p\u00fablico o quieran reelegirse como sindico deben renunciar a m\u00e1s tardar el 9 de mayo a su cargo.<\/p>\n\n\n\n<p>La elecci\u00f3n ser\u00e1 en todo el municipio el d\u00eda 25 De mayo y posteriormente el d\u00eda 26 se validar\u00e1 dicha elecci\u00f3n para entregar los nombramientos correspondientes.<\/p>\n\n\n\n<figure class=\"wp-block-gallery has-nested-images columns-default is-cropped wp-block-gallery-2 is-layout-flex wp-block-gallery-is-layout-flex\">\n<figure class=\"wp-block-image size-large\"><img loading=\"lazy\" decoding=\"async\" width=\"1024\" height=\"682\" data-id=\"16501\" src=\"https:\/\/lasnoticiasconjoselecota.com\/v1\/wp-content\/uploads\/2025\/05\/1000526974-1024x682.jpg\" alt=\"\" class=\"wp-image-16501\" srcset=\"https:\/\/lasnoticiasconjoselecota.com\/v1\/wp-content\/uploads\/2025\/05\/1000526974-1024x682.jpg 1024w, https:\/\/lasnoticiasconjoselecota.com\/v1\/wp-content\/uploads\/2025\/05\/1000526974-300x200.jpg 300w, https:\/\/lasnoticiasconjoselecota.com\/v1\/wp-content\/uploads\/2025\/05\/1000526974-768x512.jpg 768w, https:\/\/lasnoticiasconjoselecota.com\/v1\/wp-content\/uploads\/2025\/05\/1000526974-1536x1024.jpg 1536w, https:\/\/lasnoticiasconjoselecota.com\/v1\/wp-content\/uploads\/2025\/05\/1000526974-2048x1365.jpg 2048w\" sizes=\"auto, (max-width: 1024px) 100vw, 1024px\" \/><\/figure>\n\n\n\n<figure class=\"wp-block-image size-large\"><img loading=\"lazy\" decoding=\"async\" width=\"1024\" height=\"682\" data-id=\"16502\" src=\"https:\/\/lasnoticiasconjoselecota.com\/v1\/wp-content\/uploads\/2025\/05\/1000526976-1024x682.jpg\" alt=\"\" class=\"wp-image-16502\" srcset=\"https:\/\/lasnoticiasconjoselecota.com\/v1\/wp-content\/uploads\/2025\/05\/1000526976-1024x682.jpg 1024w, https:\/\/lasnoticiasconjoselecota.com\/v1\/wp-content\/uploads\/2025\/05\/1000526976-300x200.jpg 300w, https:\/\/lasnoticiasconjoselecota.com\/v1\/wp-content\/uploads\/2025\/05\/1000526976-768x512.jpg 768w, https:\/\/lasnoticiasconjoselecota.com\/v1\/wp-content\/uploads\/2025\/05\/1000526976-1536x1024.jpg 1536w, https:\/\/lasnoticiasconjoselecota.com\/v1\/wp-content\/uploads\/2025\/05\/1000526976-2048x1365.jpg 2048w\" sizes=\"auto, (max-width: 1024px) 100vw, 1024px\" \/><\/figure>\n\n\n\n<figure class=\"wp-block-image size-large\"><img loading=\"lazy\" decoding=\"async\" width=\"1024\" height=\"682\" data-id=\"16500\" src=\"https:\/\/lasnoticiasconjoselecota.com\/v1\/wp-content\/uploads\/2025\/05\/1000526975-1024x682.jpg\" alt=\"\" class=\"wp-image-16500\" srcset=\"https:\/\/lasnoticiasconjoselecota.com\/v1\/wp-content\/uploads\/2025\/05\/1000526975-1024x682.jpg 1024w, https:\/\/lasnoticiasconjoselecota.com\/v1\/wp-content\/uploads\/2025\/05\/1000526975-300x200.jpg 300w, https:\/\/lasnoticiasconjoselecota.com\/v1\/wp-content\/uploads\/2025\/05\/1000526975-768x512.jpg 768w, https:\/\/lasnoticiasconjoselecota.com\/v1\/wp-content\/uploads\/2025\/05\/1000526975-1536x1024.jpg 1536w, https:\/\/lasnoticiasconjoselecota.com\/v1\/wp-content\/uploads\/2025\/05\/1000526975-2048x1365.jpg 2048w\" sizes=\"auto, (max-width: 1024px) 100vw, 1024px\" \/><\/figure>\n<\/figure>\n","protected":false},"excerpt":{"rendered":"<p>Angostura, Sinaloa a 30 de Abril de 2025.- Por unanimidad aprobaron en sesi\u00f3n de Cabildo n\u00famero ocho la convocatoria para la elecci\u00f3n de s\u00edndicos, comisarios y consejos c\u00edvicos de participaci\u00f3n&hellip; <\/p>\n","protected":false},"author":3,"featured_media":16503,"comment_status":"open","ping_status":"closed","sticky":false,"template":"","format":"standard","meta":{"footnotes":""},"categories":[3],"tags":[],"class_list":["post-16499","post","type-post","status-publish","format-standard","has-post-thumbnail","hentry","category-locales"],"_links":{"self":[{"href":"https:\/\/lasnoticiasconjoselecota.com\/v1\/wp-json\/wp\/v2\/posts\/16499","targetHints":{"allow":["GET"]}}],"collection":[{"href":"https:\/\/lasnoticiasconjoselecota.com\/v1\/wp-json\/wp\/v2\/posts"}],"about":[{"href":"https:\/\/lasnoticiasconjoselecota.com\/v1\/wp-json\/wp\/v2\/types\/post"}],"author":[{"embeddable":true,"href":"https:\/\/lasnoticiasconjoselecota.com\/v1\/wp-json\/wp\/v2\/users\/3"}],"replies":[{"embeddable":true,"href":"https:\/\/lasnoticiasconjoselecota.com\/v1\/wp-json\/wp\/v2\/comments?post=16499"}],"version-history":[{"count":1,"href":"https:\/\/lasnoticiasconjoselecota.com\/v1\/wp-json\/wp\/v2\/posts\/16499\/revisions"}],"predecessor-version":[{"id":16504,"href":"https:\/\/lasnoticiasconjoselecota.com\/v1\/wp-json\/wp\/v2\/posts\/16499\/revisions\/16504"}],"wp:featuredmedia":[{"embeddable":true,"href":"https:\/\/lasnoticiasconjoselecota.com\/v1\/wp-json\/wp\/v2\/media\/16503"}],"wp:attachment":[{"href":"https:\/\/lasnoticiasconjoselecota.com\/v1\/wp-json\/wp\/v2\/media?parent=16499"}],"wp:term":[{"taxonomy":"category","embeddable":true,"href":"https:\/\/lasnoticiasconjoselecota.com\/v1\/wp-json\/wp\/v2\/categories?post=16499"},{"taxonomy":"post_tag","embeddable":true,"href":"https:\/\/lasnoticiasconjoselecota.com\/v1\/wp-json\/wp\/v2\/tags?post=16499"}],"curies":[{"name":"wp","href":"https:\/\/api.w.org\/{rel}","templated":true}]}}