{"id":16505,"date":"2025-05-01T10:04:59","date_gmt":"2025-05-01T17:04:59","guid":{"rendered":"https:\/\/lasnoticiasconjoselecota.com\/v1\/?p=16505"},"modified":"2025-05-01T10:05:00","modified_gmt":"2025-05-01T17:05:00","slug":"celebra-gobierno-del-estado-y-dif-sinaloa-a-la-ninezeneyda-rocha-ruiz-presidenta-del-sistema-dif-sinaloa","status":"publish","type":"post","link":"https:\/\/lasnoticiasconjoselecota.com\/v1\/estatal\/celebra-gobierno-del-estado-y-dif-sinaloa-a-la-ninezeneyda-rocha-ruiz-presidenta-del-sistema-dif-sinaloa\/","title":{"rendered":"CELEBRA GOBIERNO DEL ESTADO Y DIF SINALOA A LA NI\u00d1EZENEYDA ROCHA RUIZ- PRESIDENTA DEL SISTEMA DIF SINALOA"},"content":{"rendered":"\n<p><em>M\u00c1S DE 2 MIL NI\u00d1AS Y NI\u00d1OS DISFRUTARON LA CELEBRACI\u00d3N POR EL D\u00cdA DE LA NI\u00d1EZ ORGANIZADA POR EL GOBIERNO DEL ESTADO Y DIF SINALOA<\/em><\/p>\n\n\n\n<p><em>Culiac\u00e1n, Sinaloa, a 30 de abril del 2025.-<\/em> En un ambiente familiar, lleno de diversi\u00f3n, alegr\u00eda y aprendizaje, el gobierno del Estado y el sistema DIF Sinaloa celebraron a las ni\u00f1as y a los ni\u00f1os de Sinaloa con motivo del D\u00eda de la ni\u00f1ez.<\/p>\n\n\n\n<p>El parque Las Riberas se convirti\u00f3 en \u201cColibr\u00ed Land\u201d, un espacio lleno de magia, alegr\u00eda y diversi\u00f3n. Ah\u00ed las familias se dieron cita para disfrutar de una gran fiesta donde la m\u00fasica estuvo a cargo del Grupo Infantil \u201cPicolo\u2019s Musical\u201d.<\/p>\n\n\n\n<p>La m\u00e1xima fiesta fue encabezada por la presidenta de DIF Sinaloa, Dra. Eneyda Rocha Ruiz quien mencion\u00f3 que la familia DIF con mucho amor y cari\u00f1o organizaron una fiesta para todas las ni\u00f1as y los ni\u00f1os dijo adem\u00e1s \u201cla ni\u00f1ez representa un ni\u00f1o sano, un ni\u00f1o atendido, un ni\u00f1o visto, un ni\u00f1o cuidado, un ni\u00f1o cuid\u00e1ndole sus derechos infantiles, va a ser un adulto pr\u00f3spero, un adulto con valores, sensato en armon\u00eda con la comunidad, aspiramos a que las ni\u00f1as y los ni\u00f1os puedan vivir felices y sean divertidos\u201d.<\/p>\n\n\n\n<p>\u201cColibr\u00ed Land\u201d, una peque\u00f1a ciudad donde las ni\u00f1as y ni\u00f1os exploraron distintas profesiones, aprendieron el cuidado del medio ambiente y la correcta alimentaci\u00f3n. Con cada actividad realizada se foment\u00f3 la creatividad, inclusividad, valores, conocimiento y aprendizaje de una manera DIFerente.<\/p>\n\n\n\n<p>La fiesta estuvo a cargo del grupo Piccolo&#8217;s Musical, un show lleno de diversi\u00f3n y mucha energ\u00eda, chicos y grandes disfrutaron de cantar y bailar \u00e9xitos infantiles.<\/p>\n\n\n\n<p>Las instituciones y empresas que participaron en la creaci\u00f3n de Colibr\u00ed Land fueron: Protecci\u00f3n Civil con el taller de simulacro.<\/p>\n\n\n\n<p>Bomberos de Culiac\u00e1n realizaron la exhibici\u00f3n del uniforme, emergencia en incendios y educaci\u00f3n preventiva.<br>Cruz Roja, exhibici\u00f3n de ambulancia y ense\u00f1anza de primeros auxilios.<br>Club Tomateros, promovi\u00f3 el deporte en las ni\u00f1as y ni\u00f1os.<\/p>\n\n\n\n<p>Laboratorios Delia Barraza, realiz\u00f3 una exposici\u00f3n de laboratorio para los menores.<\/p>\n\n\n\n<p>Fruter\u00eda El canario; mini mercado de frutas.<br>Ferrox, exhibici\u00f3n de maquinaria y actividad para colorear.<\/p>\n\n\n\n<p>Helados Dolphy, las ni\u00f1as y ni\u00f1os pudieron fabricar nieves y paletas heladas.<br>Farmacia Emergencias, mont\u00f3 una farmacia.<\/p>\n\n\n\n<p>CONFI\u00c9: exhibici\u00f3n de rob\u00f3tica.<br>Scouts: fomentaron el trabajo en equipo y actividades con la naturaleza.<br>Escuela de ajedrez, explicaci\u00f3n de c\u00f3mo jugar ajedrez.<\/p>\n\n\n\n<p>Tambi\u00e9n hicieron equipo diferentes dependencias del gobierno del estado:<br>Secretar\u00eda de salud, con un centro de higiene escolar y servicios de evaluaci\u00f3n odontol\u00f3gica.<\/p>\n\n\n\n<p>SEPyC, alimentaci\u00f3n sana de acuerdo al programa de vida saludable que impulsa el gobierno de M\u00e9xico y actividad cuenta cuentos.<\/p>\n\n\n\n<p>SEMUJERES, taller de empoderamiento para ni\u00f1as.<\/p>\n\n\n\n<p>Secretar\u00eda de Pesca y Acuacultura, particip\u00f3 con tem\u00e1tica Del Mar a nuestra mesa, para conocer el aporte de los productos del Mar.<\/p>\n\n\n\n<p>Mientras que DIF Sinaloa instal\u00f3 un huerto escolar para que las ni\u00f1as y ni\u00f1os aprendan a cultivar verduras y siempre tengan en sus hogares.<\/p>\n\n\n\n<p>CAS: taller de arte y yeso, CIDIS: dibujos con relieve y dise\u00f1o de antifaces, CRECE: escuela para padres, CREE: inclusi\u00f3n de lenguaje a se\u00f1as.<\/p>\n\n\n\n<p>Las ni\u00f1as y ni\u00f1os disfrutaron de regalos, snacks saludables y actividades de esparcimiento.<\/p>\n\n\n\n<figure class=\"wp-block-gallery has-nested-images columns-default is-cropped wp-block-gallery-2 is-layout-flex wp-block-gallery-is-layout-flex\">\n<figure class=\"wp-block-image size-large\"><img loading=\"lazy\" decoding=\"async\" width=\"1024\" height=\"682\" data-id=\"16506\" src=\"https:\/\/lasnoticiasconjoselecota.com\/v1\/wp-content\/uploads\/2025\/05\/1000526995-1024x682.jpg\" alt=\"\" class=\"wp-image-16506\" srcset=\"https:\/\/lasnoticiasconjoselecota.com\/v1\/wp-content\/uploads\/2025\/05\/1000526995-1024x682.jpg 1024w, https:\/\/lasnoticiasconjoselecota.com\/v1\/wp-content\/uploads\/2025\/05\/1000526995-300x200.jpg 300w, https:\/\/lasnoticiasconjoselecota.com\/v1\/wp-content\/uploads\/2025\/05\/1000526995-768x511.jpg 768w, https:\/\/lasnoticiasconjoselecota.com\/v1\/wp-content\/uploads\/2025\/05\/1000526995.jpg 1280w\" sizes=\"auto, (max-width: 1024px) 100vw, 1024px\" \/><\/figure>\n\n\n\n<figure class=\"wp-block-image size-large\"><img loading=\"lazy\" decoding=\"async\" width=\"1024\" height=\"682\" data-id=\"16508\" src=\"https:\/\/lasnoticiasconjoselecota.com\/v1\/wp-content\/uploads\/2025\/05\/1000526993-1024x682.jpg\" alt=\"\" class=\"wp-image-16508\" srcset=\"https:\/\/lasnoticiasconjoselecota.com\/v1\/wp-content\/uploads\/2025\/05\/1000526993-1024x682.jpg 1024w, https:\/\/lasnoticiasconjoselecota.com\/v1\/wp-content\/uploads\/2025\/05\/1000526993-300x200.jpg 300w, https:\/\/lasnoticiasconjoselecota.com\/v1\/wp-content\/uploads\/2025\/05\/1000526993-768x511.jpg 768w, https:\/\/lasnoticiasconjoselecota.com\/v1\/wp-content\/uploads\/2025\/05\/1000526993.jpg 1280w\" sizes=\"auto, (max-width: 1024px) 100vw, 1024px\" \/><\/figure>\n\n\n\n<figure class=\"wp-block-image size-large\"><img loading=\"lazy\" decoding=\"async\" width=\"1024\" height=\"682\" data-id=\"16507\" src=\"https:\/\/lasnoticiasconjoselecota.com\/v1\/wp-content\/uploads\/2025\/05\/1000526996-1024x682.jpg\" alt=\"\" class=\"wp-image-16507\" srcset=\"https:\/\/lasnoticiasconjoselecota.com\/v1\/wp-content\/uploads\/2025\/05\/1000526996-1024x682.jpg 1024w, https:\/\/lasnoticiasconjoselecota.com\/v1\/wp-content\/uploads\/2025\/05\/1000526996-300x200.jpg 300w, https:\/\/lasnoticiasconjoselecota.com\/v1\/wp-content\/uploads\/2025\/05\/1000526996-768x511.jpg 768w, https:\/\/lasnoticiasconjoselecota.com\/v1\/wp-content\/uploads\/2025\/05\/1000526996.jpg 1280w\" sizes=\"auto, (max-width: 1024px) 100vw, 1024px\" \/><\/figure>\n<\/figure>\n","protected":false},"excerpt":{"rendered":"<p>M\u00c1S DE 2 MIL NI\u00d1AS Y NI\u00d1OS DISFRUTARON LA CELEBRACI\u00d3N POR EL D\u00cdA DE LA NI\u00d1EZ ORGANIZADA POR EL GOBIERNO DEL ESTADO Y DIF SINALOA Culiac\u00e1n, Sinaloa, a 30 de&hellip; <\/p>\n","protected":false},"author":3,"featured_media":16509,"comment_status":"open","ping_status":"closed","sticky":false,"template":"","format":"standard","meta":{"footnotes":""},"categories":[15],"tags":[],"class_list":["post-16505","post","type-post","status-publish","format-standard","has-post-thumbnail","hentry","category-estatal"],"_links":{"self":[{"href":"https:\/\/lasnoticiasconjoselecota.com\/v1\/wp-json\/wp\/v2\/posts\/16505","targetHints":{"allow":["GET"]}}],"collection":[{"href":"https:\/\/lasnoticiasconjoselecota.com\/v1\/wp-json\/wp\/v2\/posts"}],"about":[{"href":"https:\/\/lasnoticiasconjoselecota.com\/v1\/wp-json\/wp\/v2\/types\/post"}],"author":[{"embeddable":true,"href":"https:\/\/lasnoticiasconjoselecota.com\/v1\/wp-json\/wp\/v2\/users\/3"}],"replies":[{"embeddable":true,"href":"https:\/\/lasnoticiasconjoselecota.com\/v1\/wp-json\/wp\/v2\/comments?post=16505"}],"version-history":[{"count":1,"href":"https:\/\/lasnoticiasconjoselecota.com\/v1\/wp-json\/wp\/v2\/posts\/16505\/revisions"}],"predecessor-version":[{"id":16510,"href":"https:\/\/lasnoticiasconjoselecota.com\/v1\/wp-json\/wp\/v2\/posts\/16505\/revisions\/16510"}],"wp:featuredmedia":[{"embeddable":true,"href":"https:\/\/lasnoticiasconjoselecota.com\/v1\/wp-json\/wp\/v2\/media\/16509"}],"wp:attachment":[{"href":"https:\/\/lasnoticiasconjoselecota.com\/v1\/wp-json\/wp\/v2\/media?parent=16505"}],"wp:term":[{"taxonomy":"category","embeddable":true,"href":"https:\/\/lasnoticiasconjoselecota.com\/v1\/wp-json\/wp\/v2\/categories?post=16505"},{"taxonomy":"post_tag","embeddable":true,"href":"https:\/\/lasnoticiasconjoselecota.com\/v1\/wp-json\/wp\/v2\/tags?post=16505"}],"curies":[{"name":"wp","href":"https:\/\/api.w.org\/{rel}","templated":true}]}}