{"id":16511,"date":"2025-05-01T10:09:59","date_gmt":"2025-05-01T17:09:59","guid":{"rendered":"https:\/\/lasnoticiasconjoselecota.com\/v1\/?p=16511"},"modified":"2025-05-01T10:10:00","modified_gmt":"2025-05-01T17:10:00","slug":"izan-bandera-a-toda-asta-por-el-dia-del-trabajo","status":"publish","type":"post","link":"https:\/\/lasnoticiasconjoselecota.com\/v1\/estatal\/izan-bandera-a-toda-asta-por-el-dia-del-trabajo\/","title":{"rendered":"Izan bandera a toda asta por el D\u00eda del Trabajo"},"content":{"rendered":"\n<p><em>*El Secretario de Obras P\u00fablicas, Ra\u00fal Montero Zamudio presidi\u00f3 el acto c\u00edvico en representaci\u00f3n del gobernador, Rub\u00e9n Rocha Moya<\/em><\/p>\n\n\n\n<p><em>Culiac\u00e1n, Sinaloa, jueves 1 de mayo de 2025<\/em>.- Autoridades civiles y militares conmemoraron el D\u00eda del Trabajo con Izamiento de bandera a toda asta con honores de ordenanza en la plaza c\u00edvica de Palacio de Gobierno.<\/p>\n\n\n\n<p>Correspondi\u00f3 al Secretario de Obras P\u00fablicas, Ra\u00fal Montero Zamudio encabezar el acto c\u00edvico en representaci\u00f3n del gobernador, Rub\u00e9n Rocha Moya.<\/p>\n\n\n\n<p>Montero Zamudio estuvo acompa\u00f1ado por la presidenta de la mesa directiva del Congreso del Estado, diputada Yeraldine Bonilla Valverde, del presidente del Supremo Tribunal de Justicia del Estado, magistrado Jes\u00fas Iv\u00e1n Ch\u00e1vez Rangel, en representaci\u00f3n del alcalde, Juan de Dios G\u00e1mez Mendivil, la secretaria de obras del Ayuntamiento, Mar\u00eda del Carmen Morales, as\u00ed como los representantes de la Novena Zona Militar, capit\u00e1n primero de Infanter\u00eda, Jorge Chula Jim\u00e9nez y por parte de la Fuerza A\u00e9rea, capit\u00e1n primero, Agust\u00edn \u00c1lvarez L\u00f3pez.<\/p>\n\n\n\n<p>Acudieron al evento los secretarios de Agricultura, Ismael Bello Esquivel, de Transparencia, Mar\u00eda Guadalupe Ram\u00edrez Zepeda, de Pesca, Flor Emilia Guerra Mena, el subsecretario de Gobierno, Rodolfo Jim\u00e9nez L\u00f3pez, el director general de Cobaes, Santiago Inzunza C\u00e1zares, el director del Desarrollo Urbano Tres R\u00edos, Roberto Cruz, los subsecretarios de obras, Rub\u00e9n \u00c1lvarez L\u00f3pez y Antelmo R\u00edos N\u00fa\u00f1ez as\u00ed como directores, jefes de \u00e1rea y personal de Obras P\u00fablicas, Transparencia, Agricultura, Protecci\u00f3n Civil y destacamentos del Ej\u00e9rcito, Polic\u00eda Estatal y Municipal.<\/p>\n\n\n\n<p>Sobre el D\u00eda del Trabajo, fue en 1886 cuando miles de trabajadores de Chicago, Estados Unidos, salieron a las calles a defender sus derechos y exigir una jornada laboral de 8 horas, as\u00ed como un salario justo.<\/p>\n\n\n\n<p>En M\u00e9xico, se celebr\u00f3 por primera vez el d\u00eda del trabajo en 1913, cuando miles de trabajadores marcharon para exigir al entonces presidente, Victoriano Huerta, la jornada de 8 horas de trabajo.<\/p>\n\n\n\n<p>Fue \u00c1lvaro Obreg\u00f3n en 1923 quien promulg\u00f3 el primero de mayo como d\u00eda del trabajo en M\u00e9xico y tuvieron que esperar hasta 1925 para que el presidente, Plutarco El\u00edas Calles estableciera de manera oficial la celebraci\u00f3n.<\/p>\n\n\n\n<figure class=\"wp-block-gallery has-nested-images columns-default is-cropped wp-block-gallery-2 is-layout-flex wp-block-gallery-is-layout-flex\"><\/figure>\n","protected":false},"excerpt":{"rendered":"<p>*El Secretario de Obras P\u00fablicas, Ra\u00fal Montero Zamudio presidi\u00f3 el acto c\u00edvico en representaci\u00f3n del gobernador, Rub\u00e9n Rocha Moya Culiac\u00e1n, Sinaloa, jueves 1 de mayo de 2025.- Autoridades civiles y&hellip; <\/p>\n","protected":false},"author":3,"featured_media":16512,"comment_status":"open","ping_status":"closed","sticky":false,"template":"","format":"standard","meta":{"footnotes":""},"categories":[15],"tags":[],"class_list":["post-16511","post","type-post","status-publish","format-standard","has-post-thumbnail","hentry","category-estatal"],"_links":{"self":[{"href":"https:\/\/lasnoticiasconjoselecota.com\/v1\/wp-json\/wp\/v2\/posts\/16511","targetHints":{"allow":["GET"]}}],"collection":[{"href":"https:\/\/lasnoticiasconjoselecota.com\/v1\/wp-json\/wp\/v2\/posts"}],"about":[{"href":"https:\/\/lasnoticiasconjoselecota.com\/v1\/wp-json\/wp\/v2\/types\/post"}],"author":[{"embeddable":true,"href":"https:\/\/lasnoticiasconjoselecota.com\/v1\/wp-json\/wp\/v2\/users\/3"}],"replies":[{"embeddable":true,"href":"https:\/\/lasnoticiasconjoselecota.com\/v1\/wp-json\/wp\/v2\/comments?post=16511"}],"version-history":[{"count":1,"href":"https:\/\/lasnoticiasconjoselecota.com\/v1\/wp-json\/wp\/v2\/posts\/16511\/revisions"}],"predecessor-version":[{"id":16513,"href":"https:\/\/lasnoticiasconjoselecota.com\/v1\/wp-json\/wp\/v2\/posts\/16511\/revisions\/16513"}],"wp:featuredmedia":[{"embeddable":true,"href":"https:\/\/lasnoticiasconjoselecota.com\/v1\/wp-json\/wp\/v2\/media\/16512"}],"wp:attachment":[{"href":"https:\/\/lasnoticiasconjoselecota.com\/v1\/wp-json\/wp\/v2\/media?parent=16511"}],"wp:term":[{"taxonomy":"category","embeddable":true,"href":"https:\/\/lasnoticiasconjoselecota.com\/v1\/wp-json\/wp\/v2\/categories?post=16511"},{"taxonomy":"post_tag","embeddable":true,"href":"https:\/\/lasnoticiasconjoselecota.com\/v1\/wp-json\/wp\/v2\/tags?post=16511"}],"curies":[{"name":"wp","href":"https:\/\/api.w.org\/{rel}","templated":true}]}}