{"id":16514,"date":"2025-05-01T10:17:43","date_gmt":"2025-05-01T17:17:43","guid":{"rendered":"https:\/\/lasnoticiasconjoselecota.com\/v1\/?p=16514"},"modified":"2025-05-01T10:17:44","modified_gmt":"2025-05-01T17:17:44","slug":"hoy-recordamos-con-respeto-y-afecto-a-quienes-forjaron-con-su-trabajo-la-historia-de-nuestro-municipio-parra-melecio","status":"publish","type":"post","link":"https:\/\/lasnoticiasconjoselecota.com\/v1\/locales\/hoy-recordamos-con-respeto-y-afecto-a-quienes-forjaron-con-su-trabajo-la-historia-de-nuestro-municipio-parra-melecio\/","title":{"rendered":"Hoy recordamos con respeto y afecto a quienes forjaron con su trabajo la historia de nuestro municipio: Parra Melecio."},"content":{"rendered":"\n<p>Trabajadores mocoritenses honran la memoria de sus compa\u00f1eros en el D\u00eda del Trabajo<\/p>\n\n\n\n<p><em>Mocorito, Sinaloa, a 01 de mayo de 2025.-<\/em> Este mi\u00e9rcoles 1 de mayo, en el marco del D\u00eda Internacional del Trabajo, se llev\u00f3 a cabo la tradicional Caminata de Ofrenda Floral, actividad organizada por el Sindicato de Trabajadores al Servicio del Ayuntamiento de Mocorito (STASAM) con respaldo del H. Ayuntamiento, en reconocimiento a las y los trabajadores que han contribuido con su labor al desarrollo del municipio.<\/p>\n\n\n\n<p>La caminata parti\u00f3 desde el Palacio Municipal hasta el Pante\u00f3n Municipal, donde se colocaron ofrendas florales en homenaje a los trabajadores fallecidos. En el lugar, se guard\u00f3 un minuto de silencio para honrar su memoria, como muestra del respeto y el cari\u00f1o que a\u00fan persiste entre sus compa\u00f1eras y compa\u00f1eros de gremio.<\/p>\n\n\n\n<p>Durante su mensaje, la l\u00edder sindical Concepci\u00f3n del Carmen Ochoa Flores expres\u00f3: \u201cGracias por estar aqu\u00ed, por seguir firmes cada a\u00f1o. Hoy recordamos a quienes ya no est\u00e1n, pero que con su ejemplo nos dejaron la huella del trabajo digno y del esfuerzo colectivo. Este es un momento de unidad, de respeto y de memoria para todas y todos.\u201d<\/p>\n\n\n\n<p>Por su parte, el presidente municipal Enrique Parra Melecio dirigi\u00f3 un mensaje breve, pero emotivo, al reconocer la relevancia de las y los trabajadores en la vida municipal: \u201cHoy recordamos con respeto y afecto a quienes forjaron con su trabajo la historia de nuestro municipio. Su legado nos convoca a seguir construyendo juntos el bienestar de Mocorito.\u201d<\/p>\n\n\n\n<p>En el acto participaron integrantes del STASAM, as\u00ed como representantes del Sindicato de Filarm\u00f3nicos y Trovadores, Sindicato de Gastron\u00f3micos y otros gremios adheridos a la CTM.<\/p>\n\n\n\n<figure class=\"wp-block-gallery has-nested-images columns-default is-cropped wp-block-gallery-2 is-layout-flex wp-block-gallery-is-layout-flex\">\n<figure class=\"wp-block-image size-large\"><img loading=\"lazy\" decoding=\"async\" width=\"1024\" height=\"768\" data-id=\"16515\" src=\"https:\/\/lasnoticiasconjoselecota.com\/v1\/wp-content\/uploads\/2025\/05\/1000527022-1024x768.jpg\" alt=\"\" class=\"wp-image-16515\" srcset=\"https:\/\/lasnoticiasconjoselecota.com\/v1\/wp-content\/uploads\/2025\/05\/1000527022-1024x768.jpg 1024w, https:\/\/lasnoticiasconjoselecota.com\/v1\/wp-content\/uploads\/2025\/05\/1000527022-300x225.jpg 300w, https:\/\/lasnoticiasconjoselecota.com\/v1\/wp-content\/uploads\/2025\/05\/1000527022-768x576.jpg 768w, https:\/\/lasnoticiasconjoselecota.com\/v1\/wp-content\/uploads\/2025\/05\/1000527022-1536x1152.jpg 1536w, https:\/\/lasnoticiasconjoselecota.com\/v1\/wp-content\/uploads\/2025\/05\/1000527022-2048x1536.jpg 2048w\" sizes=\"auto, (max-width: 1024px) 100vw, 1024px\" \/><\/figure>\n\n\n\n<figure class=\"wp-block-image size-large\"><img loading=\"lazy\" decoding=\"async\" width=\"1024\" height=\"768\" data-id=\"16518\" src=\"https:\/\/lasnoticiasconjoselecota.com\/v1\/wp-content\/uploads\/2025\/05\/1000527023-1024x768.jpg\" alt=\"\" class=\"wp-image-16518\" srcset=\"https:\/\/lasnoticiasconjoselecota.com\/v1\/wp-content\/uploads\/2025\/05\/1000527023-1024x768.jpg 1024w, https:\/\/lasnoticiasconjoselecota.com\/v1\/wp-content\/uploads\/2025\/05\/1000527023-300x225.jpg 300w, https:\/\/lasnoticiasconjoselecota.com\/v1\/wp-content\/uploads\/2025\/05\/1000527023-768x576.jpg 768w, https:\/\/lasnoticiasconjoselecota.com\/v1\/wp-content\/uploads\/2025\/05\/1000527023-1536x1152.jpg 1536w, https:\/\/lasnoticiasconjoselecota.com\/v1\/wp-content\/uploads\/2025\/05\/1000527023-2048x1536.jpg 2048w\" sizes=\"auto, (max-width: 1024px) 100vw, 1024px\" \/><\/figure>\n\n\n\n<figure class=\"wp-block-image size-large\"><img loading=\"lazy\" decoding=\"async\" width=\"1024\" height=\"768\" data-id=\"16516\" src=\"https:\/\/lasnoticiasconjoselecota.com\/v1\/wp-content\/uploads\/2025\/05\/1000527034-1024x768.jpg\" alt=\"\" class=\"wp-image-16516\" srcset=\"https:\/\/lasnoticiasconjoselecota.com\/v1\/wp-content\/uploads\/2025\/05\/1000527034-1024x768.jpg 1024w, https:\/\/lasnoticiasconjoselecota.com\/v1\/wp-content\/uploads\/2025\/05\/1000527034-300x225.jpg 300w, https:\/\/lasnoticiasconjoselecota.com\/v1\/wp-content\/uploads\/2025\/05\/1000527034-768x576.jpg 768w, https:\/\/lasnoticiasconjoselecota.com\/v1\/wp-content\/uploads\/2025\/05\/1000527034-1536x1152.jpg 1536w, https:\/\/lasnoticiasconjoselecota.com\/v1\/wp-content\/uploads\/2025\/05\/1000527034-2048x1536.jpg 2048w\" sizes=\"auto, (max-width: 1024px) 100vw, 1024px\" \/><\/figure>\n\n\n\n<figure class=\"wp-block-image size-large\"><img loading=\"lazy\" decoding=\"async\" width=\"1024\" height=\"768\" data-id=\"16517\" src=\"https:\/\/lasnoticiasconjoselecota.com\/v1\/wp-content\/uploads\/2025\/05\/1000527025-1024x768.jpg\" alt=\"\" class=\"wp-image-16517\" srcset=\"https:\/\/lasnoticiasconjoselecota.com\/v1\/wp-content\/uploads\/2025\/05\/1000527025-1024x768.jpg 1024w, https:\/\/lasnoticiasconjoselecota.com\/v1\/wp-content\/uploads\/2025\/05\/1000527025-300x225.jpg 300w, https:\/\/lasnoticiasconjoselecota.com\/v1\/wp-content\/uploads\/2025\/05\/1000527025-768x576.jpg 768w, https:\/\/lasnoticiasconjoselecota.com\/v1\/wp-content\/uploads\/2025\/05\/1000527025-1536x1152.jpg 1536w, https:\/\/lasnoticiasconjoselecota.com\/v1\/wp-content\/uploads\/2025\/05\/1000527025-2048x1536.jpg 2048w\" sizes=\"auto, (max-width: 1024px) 100vw, 1024px\" \/><\/figure>\n<\/figure>\n","protected":false},"excerpt":{"rendered":"<p>Trabajadores mocoritenses honran la memoria de sus compa\u00f1eros en el D\u00eda del Trabajo Mocorito, Sinaloa, a 01 de mayo de 2025.- Este mi\u00e9rcoles 1 de mayo, en el marco del&hellip; <\/p>\n","protected":false},"author":3,"featured_media":16520,"comment_status":"open","ping_status":"closed","sticky":false,"template":"","format":"standard","meta":{"footnotes":""},"categories":[3],"tags":[],"class_list":["post-16514","post","type-post","status-publish","format-standard","has-post-thumbnail","hentry","category-locales"],"_links":{"self":[{"href":"https:\/\/lasnoticiasconjoselecota.com\/v1\/wp-json\/wp\/v2\/posts\/16514","targetHints":{"allow":["GET"]}}],"collection":[{"href":"https:\/\/lasnoticiasconjoselecota.com\/v1\/wp-json\/wp\/v2\/posts"}],"about":[{"href":"https:\/\/lasnoticiasconjoselecota.com\/v1\/wp-json\/wp\/v2\/types\/post"}],"author":[{"embeddable":true,"href":"https:\/\/lasnoticiasconjoselecota.com\/v1\/wp-json\/wp\/v2\/users\/3"}],"replies":[{"embeddable":true,"href":"https:\/\/lasnoticiasconjoselecota.com\/v1\/wp-json\/wp\/v2\/comments?post=16514"}],"version-history":[{"count":1,"href":"https:\/\/lasnoticiasconjoselecota.com\/v1\/wp-json\/wp\/v2\/posts\/16514\/revisions"}],"predecessor-version":[{"id":16521,"href":"https:\/\/lasnoticiasconjoselecota.com\/v1\/wp-json\/wp\/v2\/posts\/16514\/revisions\/16521"}],"wp:featuredmedia":[{"embeddable":true,"href":"https:\/\/lasnoticiasconjoselecota.com\/v1\/wp-json\/wp\/v2\/media\/16520"}],"wp:attachment":[{"href":"https:\/\/lasnoticiasconjoselecota.com\/v1\/wp-json\/wp\/v2\/media?parent=16514"}],"wp:term":[{"taxonomy":"category","embeddable":true,"href":"https:\/\/lasnoticiasconjoselecota.com\/v1\/wp-json\/wp\/v2\/categories?post=16514"},{"taxonomy":"post_tag","embeddable":true,"href":"https:\/\/lasnoticiasconjoselecota.com\/v1\/wp-json\/wp\/v2\/tags?post=16514"}],"curies":[{"name":"wp","href":"https:\/\/api.w.org\/{rel}","templated":true}]}}