{"id":16522,"date":"2025-05-01T10:25:46","date_gmt":"2025-05-01T17:25:46","guid":{"rendered":"https:\/\/lasnoticiasconjoselecota.com\/v1\/?p=16522"},"modified":"2025-05-01T10:25:47","modified_gmt":"2025-05-01T17:25:47","slug":"con-tres-dias-de-actividades-socializan-y-fomentan-la-jornada-cultural-por-el-dia-mundial-del-libro-y-derechos-de-autor-en-la-urcn-uas","status":"publish","type":"post","link":"https:\/\/lasnoticiasconjoselecota.com\/v1\/estatal\/con-tres-dias-de-actividades-socializan-y-fomentan-la-jornada-cultural-por-el-dia-mundial-del-libro-y-derechos-de-autor-en-la-urcn-uas\/","title":{"rendered":"Con tres d\u00edas de actividades socializan y fomentan la Jornada Cultural por el D\u00eda Mundial del Libro y Derechos de Autor en la URCN-UAS"},"content":{"rendered":"\n<p>Guam\u00fachil, Sin. &#8211; Con tres d\u00edas de actividad es como socializan y fomentan la Jornada Cultural por el D\u00eda Mundial del Libro y Derechos de Autor en la Unidad Regional Centro Norte de la Universidad Aut\u00f3noma de Sinaloa.<\/p>\n\n\n\n<p>La MC. Valentina Montes \u00c1lvarez, Responsable de Bibliotecas en la URCN, expres\u00f3 que un factor muy determinante para que estas tareas se desarrollen como deben de ser, es el respaldo que les otorga al SIBI regional de parte del Dr. Jes\u00fas Madue\u00f1a Molina Rector de la UAS, del Dr. Mario Soto Vel\u00e1zquez Vicerrector de la URCN, as\u00ed como del Dr. Joel Cuadras Ur\u00edas Director General de Bibliotecas de la UAS, lo cual, reconoce y agradece, a las Autoridades Universitarias.<\/p>\n\n\n\n<p>\u201cEn este, el tercer d\u00eda de actividades, se llevaron a cabo, en la UAP Guasave Diurna la obra de teatro, Chismes de Sal\u00f3n, por el Mtro Edgar Arias Molina, con la participaci\u00f3n en Oratoria: Navid Castro Lara 3-1, y Rese\u00f1a: Danae S\u00e1nchez Heraldez 3-1. La UAP Casa Blanca a trav\u00e9s de la Lic. Berenice Cervantes S\u00e1nchez realiz\u00f3 homenaje al escritor ruso Fi\u00f3dor Dostoievski, y la Promotora de Lectura Beatriz Camacho Gaxiola, foment\u00f3 a la Lectura.<\/p>\n\n\n\n<p>Extensiones de la UAPCB El Progreso y Palos Verdes, realizaron un c\u00edrculo de lectura. La UAP LC de Mocorito y su Ext. Cerr\u00f3 Agudo, tambi\u00e9n llevaron a cabo la actividad, c\u00edrculo de lectura. La Escuela de Derecho Guasave realiz\u00f3 la actividad, Cita a ciegas con un libro, y la donaci\u00f3n de libros, haz crecer tu biblioteca. La FCEA Guasave atendi\u00f3 la actividad de c\u00edrculo de lectura. La Ext. de Estaci\u00f3n Naranjo c\u00edrculo de lectura y exposici\u00f3n de carteles. FCEAT Guam\u00fachil, con un caf\u00e9 literario\u201d.<\/p>\n\n\n\n<p>Es de se\u00f1alar, que durante tres d\u00edas del 28 al 30 se han estado llevando a cabo actividades de este tipo y que posteriormente, se desarrollar\u00e1n m\u00e1s en las diferentes UA de todos los niveles de la URCN y que este a\u00f1o llev\u00f3 como lema: La luna nos inspira, los libros nos transforman, y son con la finalidad de promover la lectura, reconocer la importancia de los libros como veh\u00edculo de conocimiento y cultura, y proteger los derechos de autor.<\/p>\n\n\n\n<p>Montes \u00c1lvarez, reconoci\u00f3 y agradeci\u00f3 el apoyo para estas actividades de este d\u00eda a los directores: MC. Jes\u00fas Rafael L\u00f3pez Acosta (UAPGD), Dr. Frayn Esa\u00fa Le\u00f3n Castro (UAPCB), MC. Tamara Gil Chairez (UAPLCMOC), Dr. Juli\u00e1n Cervantes Beltr\u00e1n (ESCDCHOGVE), Dra. Cristal Fonseca Boj\u00f3rquez (FCEA), y el Dr. Jos\u00e9 Isidoro Rodr\u00edguez Espinoza (FCEAT); As\u00ed, como a Coordinadores de UA de Bibliotecas y dem\u00e1s personal de apoyo, y los Coordinadores de Extensiones.<\/p>\n\n\n\n<figure class=\"wp-block-gallery has-nested-images columns-default is-cropped wp-block-gallery-2 is-layout-flex wp-block-gallery-is-layout-flex\">\n<figure class=\"wp-block-image size-large\"><img loading=\"lazy\" decoding=\"async\" width=\"1024\" height=\"1024\" data-id=\"16524\" src=\"https:\/\/lasnoticiasconjoselecota.com\/v1\/wp-content\/uploads\/2025\/05\/1000527087-1024x1024.jpg\" alt=\"\" class=\"wp-image-16524\" srcset=\"https:\/\/lasnoticiasconjoselecota.com\/v1\/wp-content\/uploads\/2025\/05\/1000527087-1024x1024.jpg 1024w, https:\/\/lasnoticiasconjoselecota.com\/v1\/wp-content\/uploads\/2025\/05\/1000527087-300x300.jpg 300w, https:\/\/lasnoticiasconjoselecota.com\/v1\/wp-content\/uploads\/2025\/05\/1000527087-150x150.jpg 150w, https:\/\/lasnoticiasconjoselecota.com\/v1\/wp-content\/uploads\/2025\/05\/1000527087-768x768.jpg 768w, https:\/\/lasnoticiasconjoselecota.com\/v1\/wp-content\/uploads\/2025\/05\/1000527087-64x64.jpg 64w, https:\/\/lasnoticiasconjoselecota.com\/v1\/wp-content\/uploads\/2025\/05\/1000527087.jpg 1080w\" sizes=\"auto, (max-width: 1024px) 100vw, 1024px\" \/><\/figure>\n\n\n\n<figure class=\"wp-block-image size-large\"><img loading=\"lazy\" decoding=\"async\" width=\"1024\" height=\"453\" data-id=\"16523\" src=\"https:\/\/lasnoticiasconjoselecota.com\/v1\/wp-content\/uploads\/2025\/05\/1000527095-1024x453.jpg\" alt=\"\" class=\"wp-image-16523\" srcset=\"https:\/\/lasnoticiasconjoselecota.com\/v1\/wp-content\/uploads\/2025\/05\/1000527095-1024x453.jpg 1024w, https:\/\/lasnoticiasconjoselecota.com\/v1\/wp-content\/uploads\/2025\/05\/1000527095-300x133.jpg 300w, https:\/\/lasnoticiasconjoselecota.com\/v1\/wp-content\/uploads\/2025\/05\/1000527095-768x340.jpg 768w, https:\/\/lasnoticiasconjoselecota.com\/v1\/wp-content\/uploads\/2025\/05\/1000527095.jpg 1080w\" sizes=\"auto, (max-width: 1024px) 100vw, 1024px\" \/><\/figure>\n\n\n\n<figure class=\"wp-block-image size-large\"><img loading=\"lazy\" decoding=\"async\" width=\"768\" height=\"1024\" data-id=\"16525\" src=\"https:\/\/lasnoticiasconjoselecota.com\/v1\/wp-content\/uploads\/2025\/05\/1000527094-768x1024.jpg\" alt=\"\" class=\"wp-image-16525\" srcset=\"https:\/\/lasnoticiasconjoselecota.com\/v1\/wp-content\/uploads\/2025\/05\/1000527094-768x1024.jpg 768w, https:\/\/lasnoticiasconjoselecota.com\/v1\/wp-content\/uploads\/2025\/05\/1000527094-225x300.jpg 225w, https:\/\/lasnoticiasconjoselecota.com\/v1\/wp-content\/uploads\/2025\/05\/1000527094.jpg 1080w\" sizes=\"auto, (max-width: 768px) 100vw, 768px\" \/><\/figure>\n<\/figure>\n","protected":false},"excerpt":{"rendered":"<p>Guam\u00fachil, Sin. &#8211; Con tres d\u00edas de actividad es como socializan y fomentan la Jornada Cultural por el D\u00eda Mundial del Libro y Derechos de Autor en la Unidad Regional&hellip; <\/p>\n","protected":false},"author":3,"featured_media":16526,"comment_status":"open","ping_status":"closed","sticky":false,"template":"","format":"standard","meta":{"footnotes":""},"categories":[15],"tags":[],"class_list":["post-16522","post","type-post","status-publish","format-standard","has-post-thumbnail","hentry","category-estatal"],"_links":{"self":[{"href":"https:\/\/lasnoticiasconjoselecota.com\/v1\/wp-json\/wp\/v2\/posts\/16522","targetHints":{"allow":["GET"]}}],"collection":[{"href":"https:\/\/lasnoticiasconjoselecota.com\/v1\/wp-json\/wp\/v2\/posts"}],"about":[{"href":"https:\/\/lasnoticiasconjoselecota.com\/v1\/wp-json\/wp\/v2\/types\/post"}],"author":[{"embeddable":true,"href":"https:\/\/lasnoticiasconjoselecota.com\/v1\/wp-json\/wp\/v2\/users\/3"}],"replies":[{"embeddable":true,"href":"https:\/\/lasnoticiasconjoselecota.com\/v1\/wp-json\/wp\/v2\/comments?post=16522"}],"version-history":[{"count":1,"href":"https:\/\/lasnoticiasconjoselecota.com\/v1\/wp-json\/wp\/v2\/posts\/16522\/revisions"}],"predecessor-version":[{"id":16527,"href":"https:\/\/lasnoticiasconjoselecota.com\/v1\/wp-json\/wp\/v2\/posts\/16522\/revisions\/16527"}],"wp:featuredmedia":[{"embeddable":true,"href":"https:\/\/lasnoticiasconjoselecota.com\/v1\/wp-json\/wp\/v2\/media\/16526"}],"wp:attachment":[{"href":"https:\/\/lasnoticiasconjoselecota.com\/v1\/wp-json\/wp\/v2\/media?parent=16522"}],"wp:term":[{"taxonomy":"category","embeddable":true,"href":"https:\/\/lasnoticiasconjoselecota.com\/v1\/wp-json\/wp\/v2\/categories?post=16522"},{"taxonomy":"post_tag","embeddable":true,"href":"https:\/\/lasnoticiasconjoselecota.com\/v1\/wp-json\/wp\/v2\/tags?post=16522"}],"curies":[{"name":"wp","href":"https:\/\/api.w.org\/{rel}","templated":true}]}}