{"id":16528,"date":"2025-05-01T11:05:24","date_gmt":"2025-05-01T18:05:24","guid":{"rendered":"https:\/\/lasnoticiasconjoselecota.com\/v1\/?p=16528"},"modified":"2025-05-01T11:05:25","modified_gmt":"2025-05-01T18:05:25","slug":"lupita-lopez-reconoce-el-esfuerzo-de-la-clase-trabajadora-en-la-transformacion-de-salvador-alvarado","status":"publish","type":"post","link":"https:\/\/lasnoticiasconjoselecota.com\/v1\/locales\/lupita-lopez-reconoce-el-esfuerzo-de-la-clase-trabajadora-en-la-transformacion-de-salvador-alvarado\/","title":{"rendered":"Lupita L\u00f3pez reconoce el esfuerzo de la clase trabajadora en la transformaci\u00f3n de Salvador Alvarado"},"content":{"rendered":"\n<p>La presidenta municipal, acompa\u00f1\u00f3 a los integrantes de la CTM en una serie de actividades programadas en el marco del D\u00eda del Trabajo, en donde ofreci\u00f3 el total respaldo de gobierno con la clase trabajadora del municipio<\/p>\n\n\n\n<p>Guam\u00fachil, Sinaloa; a 01 de mayo de 2025. En el marco de la conmemoraci\u00f3n del D\u00eda Internacional del Trabajo, la presidenta municipal de Salvador Alvarado, Lupita L\u00f3pez Gonz\u00e1lez, acompa\u00f1\u00f3 a la Confederaci\u00f3n de Trabajadores de M\u00e9xico (CTM) en una serie de actos solemnes que reconocen la lucha y el compromiso de la clase trabajadora.<\/p>\n\n\n\n<p>Las actividades iniciaron con el izamiento de bandera en las instalaciones de la CTM, s\u00edmbolo del respeto y la unidad entre trabajadores e instituciones. Posteriormente, las autoridades municipales y representantes sindicales se trasladaron al pante\u00f3n municipal para colocar una ofrenda floral en honor a los obreros ca\u00eddos, en un gesto de memoria y gratitud por quienes forjaron con su esfuerzo los derechos laborales de hoy.<\/p>\n\n\n\n<p>El evento culmin\u00f3 en el Auditorio 27 de Febrero, donde se llev\u00f3 a cabo un acto c\u00edvico conmemorativo. En este espacio, la presidenta Lupita L\u00f3pez Gonz\u00e1lez dirigi\u00f3 un mensaje a las y los trabajadores del municipio, reconociendo su esfuerzo diario y reafirmando el compromiso de su gobierno con la clase trabajadora.<\/p>\n\n\n\n<p>\u201cUn d\u00eda como hoy no solo conmemoramos la lucha hist\u00f3rica por los derechos laborales, tambi\u00e9n reconocemos la dignidad, el esfuerzo y la importancia de cada uno de ustedes. Gracias a su esfuerzo, Salvador Alvarado avanza, se transforma y sigue creciendo\u201d.<\/p>\n\n\n\n<p>Lupita L\u00f3pez reiter\u00f3 que su administraci\u00f3n seguir\u00e1 trabajando para fomentar el empleo formal, el respeto a los derechos laborales y la capacitaci\u00f3n continua, pilares fundamentales para que las y los trabajadores sigan prosperado.<\/p>\n\n\n\n<p>En este bonito acto c\u00edvico, se entreg\u00f3 un reconocimiento por su destacada trayectoria al transportista urbano, Alfonso D\u00edaz Vega, as\u00ed como un reconocimiento p\u00f3stumo al locutor, Mois\u00e9s S\u00e1nchez Guti\u00e9rrez.<\/p>\n\n\n\n<figure class=\"wp-block-gallery has-nested-images columns-default is-cropped wp-block-gallery-2 is-layout-flex wp-block-gallery-is-layout-flex\">\n<figure class=\"wp-block-image size-large\"><img loading=\"lazy\" decoding=\"async\" width=\"1024\" height=\"683\" data-id=\"16530\" src=\"https:\/\/lasnoticiasconjoselecota.com\/v1\/wp-content\/uploads\/2025\/05\/1000527172-1024x683.jpg\" alt=\"\" class=\"wp-image-16530\" srcset=\"https:\/\/lasnoticiasconjoselecota.com\/v1\/wp-content\/uploads\/2025\/05\/1000527172-1024x683.jpg 1024w, https:\/\/lasnoticiasconjoselecota.com\/v1\/wp-content\/uploads\/2025\/05\/1000527172-300x200.jpg 300w, https:\/\/lasnoticiasconjoselecota.com\/v1\/wp-content\/uploads\/2025\/05\/1000527172-768x512.jpg 768w, https:\/\/lasnoticiasconjoselecota.com\/v1\/wp-content\/uploads\/2025\/05\/1000527172-1536x1024.jpg 1536w, https:\/\/lasnoticiasconjoselecota.com\/v1\/wp-content\/uploads\/2025\/05\/1000527172-2048x1366.jpg 2048w\" sizes=\"auto, (max-width: 1024px) 100vw, 1024px\" \/><\/figure>\n\n\n\n<figure class=\"wp-block-image size-large\"><img loading=\"lazy\" decoding=\"async\" width=\"1024\" height=\"683\" data-id=\"16531\" src=\"https:\/\/lasnoticiasconjoselecota.com\/v1\/wp-content\/uploads\/2025\/05\/1000527147-1024x683.jpg\" alt=\"\" class=\"wp-image-16531\" srcset=\"https:\/\/lasnoticiasconjoselecota.com\/v1\/wp-content\/uploads\/2025\/05\/1000527147-1024x683.jpg 1024w, https:\/\/lasnoticiasconjoselecota.com\/v1\/wp-content\/uploads\/2025\/05\/1000527147-300x200.jpg 300w, https:\/\/lasnoticiasconjoselecota.com\/v1\/wp-content\/uploads\/2025\/05\/1000527147-768x512.jpg 768w, https:\/\/lasnoticiasconjoselecota.com\/v1\/wp-content\/uploads\/2025\/05\/1000527147-1536x1024.jpg 1536w, https:\/\/lasnoticiasconjoselecota.com\/v1\/wp-content\/uploads\/2025\/05\/1000527147-2048x1366.jpg 2048w\" sizes=\"auto, (max-width: 1024px) 100vw, 1024px\" \/><\/figure>\n\n\n\n<figure class=\"wp-block-image size-large\"><img loading=\"lazy\" decoding=\"async\" width=\"1024\" height=\"683\" data-id=\"16532\" src=\"https:\/\/lasnoticiasconjoselecota.com\/v1\/wp-content\/uploads\/2025\/05\/1000527145-1024x683.jpg\" alt=\"\" class=\"wp-image-16532\" srcset=\"https:\/\/lasnoticiasconjoselecota.com\/v1\/wp-content\/uploads\/2025\/05\/1000527145-1024x683.jpg 1024w, https:\/\/lasnoticiasconjoselecota.com\/v1\/wp-content\/uploads\/2025\/05\/1000527145-300x200.jpg 300w, https:\/\/lasnoticiasconjoselecota.com\/v1\/wp-content\/uploads\/2025\/05\/1000527145-768x512.jpg 768w, https:\/\/lasnoticiasconjoselecota.com\/v1\/wp-content\/uploads\/2025\/05\/1000527145-1536x1024.jpg 1536w, https:\/\/lasnoticiasconjoselecota.com\/v1\/wp-content\/uploads\/2025\/05\/1000527145-2048x1366.jpg 2048w\" sizes=\"auto, (max-width: 1024px) 100vw, 1024px\" \/><\/figure>\n\n\n\n<figure class=\"wp-block-image size-large\"><img loading=\"lazy\" decoding=\"async\" width=\"1024\" height=\"683\" data-id=\"16529\" src=\"https:\/\/lasnoticiasconjoselecota.com\/v1\/wp-content\/uploads\/2025\/05\/1000527150-1024x683.jpg\" alt=\"\" class=\"wp-image-16529\" srcset=\"https:\/\/lasnoticiasconjoselecota.com\/v1\/wp-content\/uploads\/2025\/05\/1000527150-1024x683.jpg 1024w, https:\/\/lasnoticiasconjoselecota.com\/v1\/wp-content\/uploads\/2025\/05\/1000527150-300x200.jpg 300w, https:\/\/lasnoticiasconjoselecota.com\/v1\/wp-content\/uploads\/2025\/05\/1000527150-768x512.jpg 768w, https:\/\/lasnoticiasconjoselecota.com\/v1\/wp-content\/uploads\/2025\/05\/1000527150-1536x1024.jpg 1536w, https:\/\/lasnoticiasconjoselecota.com\/v1\/wp-content\/uploads\/2025\/05\/1000527150-2048x1366.jpg 2048w\" sizes=\"auto, (max-width: 1024px) 100vw, 1024px\" \/><\/figure>\n<\/figure>\n","protected":false},"excerpt":{"rendered":"<p>La presidenta municipal, acompa\u00f1\u00f3 a los integrantes de la CTM en una serie de actividades programadas en el marco del D\u00eda del Trabajo, en donde ofreci\u00f3 el total respaldo de&hellip; <\/p>\n","protected":false},"author":3,"featured_media":16533,"comment_status":"open","ping_status":"closed","sticky":false,"template":"","format":"standard","meta":{"footnotes":""},"categories":[3],"tags":[],"class_list":["post-16528","post","type-post","status-publish","format-standard","has-post-thumbnail","hentry","category-locales"],"_links":{"self":[{"href":"https:\/\/lasnoticiasconjoselecota.com\/v1\/wp-json\/wp\/v2\/posts\/16528","targetHints":{"allow":["GET"]}}],"collection":[{"href":"https:\/\/lasnoticiasconjoselecota.com\/v1\/wp-json\/wp\/v2\/posts"}],"about":[{"href":"https:\/\/lasnoticiasconjoselecota.com\/v1\/wp-json\/wp\/v2\/types\/post"}],"author":[{"embeddable":true,"href":"https:\/\/lasnoticiasconjoselecota.com\/v1\/wp-json\/wp\/v2\/users\/3"}],"replies":[{"embeddable":true,"href":"https:\/\/lasnoticiasconjoselecota.com\/v1\/wp-json\/wp\/v2\/comments?post=16528"}],"version-history":[{"count":1,"href":"https:\/\/lasnoticiasconjoselecota.com\/v1\/wp-json\/wp\/v2\/posts\/16528\/revisions"}],"predecessor-version":[{"id":16534,"href":"https:\/\/lasnoticiasconjoselecota.com\/v1\/wp-json\/wp\/v2\/posts\/16528\/revisions\/16534"}],"wp:featuredmedia":[{"embeddable":true,"href":"https:\/\/lasnoticiasconjoselecota.com\/v1\/wp-json\/wp\/v2\/media\/16533"}],"wp:attachment":[{"href":"https:\/\/lasnoticiasconjoselecota.com\/v1\/wp-json\/wp\/v2\/media?parent=16528"}],"wp:term":[{"taxonomy":"category","embeddable":true,"href":"https:\/\/lasnoticiasconjoselecota.com\/v1\/wp-json\/wp\/v2\/categories?post=16528"},{"taxonomy":"post_tag","embeddable":true,"href":"https:\/\/lasnoticiasconjoselecota.com\/v1\/wp-json\/wp\/v2\/tags?post=16528"}],"curies":[{"name":"wp","href":"https:\/\/api.w.org\/{rel}","templated":true}]}}