{"id":16535,"date":"2025-05-01T12:17:58","date_gmt":"2025-05-01T19:17:58","guid":{"rendered":"https:\/\/lasnoticiasconjoselecota.com\/v1\/?p=16535"},"modified":"2025-05-01T12:17:59","modified_gmt":"2025-05-01T19:17:59","slug":"conmemoran-en-angostura-el-dia-del-trabajo","status":"publish","type":"post","link":"https:\/\/lasnoticiasconjoselecota.com\/v1\/locales\/conmemoran-en-angostura-el-dia-del-trabajo\/","title":{"rendered":"Conmemoran en Angostura el Dia del Trabajo."},"content":{"rendered":"\n<p>Angostura, Sinaloa a 01 de Mayo 2025.- En la Administraci\u00f3n Municipal encabezada por Alberto \u201cEl Capy\u201d Rivera, se llevo a cabo un evento c\u00edvico y colocaci\u00f3n de ofrenda floral en el Pante\u00f3n Municipal de Alhuey en honor a los trabajadores ca\u00eddos, esto para conmemorar el 112 Aniversario del Dia del Trabajo.<\/p>\n\n\n\n<p>Encabezando el evento acudi\u00f3 el Secretario del Ayuntamiento Manuel Ceyca Camacho, en representacion del Alcalde Alberto \u00abEl Capy\u00bb Rivera, quien acompa\u00f1ado de Anita Guti\u00e9rrez Palazuelos Presidenta Municipal del DIF Municipal, la Sindica Procuradora Sandra Luz Mej\u00eda, las Regidoras Hildeliza Corrales y Cielo Minerva Camacho, el Tesorero Municipal El\u00edas Barrientos, as\u00ed como funcionarios municipales participaron en dicho evento.<\/p>\n\n\n\n<p>Javier Angulo Angulo Secretario General del Sindicato de trabajadores al servicio del Ayuntamiento fue el orador oficial en la conmemoraci\u00f3n, en su mensaje dijo que en la actualidad, el Dia del Trabajo en M\u00e9xico se contin\u00faa celebrando con desfiles, marchas, m\u00edtines y actividades culturales en todo el pa\u00eds, en los que los trabajadores de diferentes sectores se unen para exigir mejores condiciones laborales, salarios dignos, seguridad en el trabajo y el respeto a sus derechos fundamentales.<\/p>\n\n\n\n<p>Manifest\u00f3 que las marchas del primero de mayo han cambiado a trav\u00e9s de la historia de nuestro pa\u00eds, no solo por su orientaci\u00f3n ideol\u00f3gica, sino tambi\u00e9n por sus demandas y sus relaciones con los gobiernos, todas estas luchas han quedado enmarcadas a trav\u00e9s de la organizaci\u00f3n de sindicatos fundamentados en el respeto al articulo 123 constitucional que fundamenta la defensa de sus contratos colectivos y el derecho a huelga.<\/p>\n\n\n\n<p>\u00abEn este Dia del trabajo celebremos el esfuerzo y dedicaci\u00f3n de cada trabajador que contribuye al crecimiento de nuestro pa\u00eds.<\/p>\n\n\n\n<p>El trabajo es la esencia misma de la vida, la manera en que damos forma a nuestro destino y dejamos huella en el mundo\u00bb finalizo Javier Angulo Angulo.<\/p>\n\n\n\n<figure class=\"wp-block-gallery has-nested-images columns-default is-cropped wp-block-gallery-2 is-layout-flex wp-block-gallery-is-layout-flex\">\n<figure class=\"wp-block-image size-large\"><img loading=\"lazy\" decoding=\"async\" width=\"1024\" height=\"682\" data-id=\"16537\" src=\"https:\/\/lasnoticiasconjoselecota.com\/v1\/wp-content\/uploads\/2025\/05\/1000527302-1024x682.jpg\" alt=\"\" class=\"wp-image-16537\" srcset=\"https:\/\/lasnoticiasconjoselecota.com\/v1\/wp-content\/uploads\/2025\/05\/1000527302-1024x682.jpg 1024w, https:\/\/lasnoticiasconjoselecota.com\/v1\/wp-content\/uploads\/2025\/05\/1000527302-300x200.jpg 300w, https:\/\/lasnoticiasconjoselecota.com\/v1\/wp-content\/uploads\/2025\/05\/1000527302-768x512.jpg 768w, https:\/\/lasnoticiasconjoselecota.com\/v1\/wp-content\/uploads\/2025\/05\/1000527302-1536x1024.jpg 1536w, https:\/\/lasnoticiasconjoselecota.com\/v1\/wp-content\/uploads\/2025\/05\/1000527302-2048x1365.jpg 2048w\" sizes=\"auto, (max-width: 1024px) 100vw, 1024px\" \/><\/figure>\n\n\n\n<figure class=\"wp-block-image size-large\"><img loading=\"lazy\" decoding=\"async\" width=\"1024\" height=\"682\" data-id=\"16540\" src=\"https:\/\/lasnoticiasconjoselecota.com\/v1\/wp-content\/uploads\/2025\/05\/1000527305-1024x682.jpg\" alt=\"\" class=\"wp-image-16540\" srcset=\"https:\/\/lasnoticiasconjoselecota.com\/v1\/wp-content\/uploads\/2025\/05\/1000527305-1024x682.jpg 1024w, https:\/\/lasnoticiasconjoselecota.com\/v1\/wp-content\/uploads\/2025\/05\/1000527305-300x200.jpg 300w, https:\/\/lasnoticiasconjoselecota.com\/v1\/wp-content\/uploads\/2025\/05\/1000527305-768x512.jpg 768w, https:\/\/lasnoticiasconjoselecota.com\/v1\/wp-content\/uploads\/2025\/05\/1000527305-1536x1024.jpg 1536w, https:\/\/lasnoticiasconjoselecota.com\/v1\/wp-content\/uploads\/2025\/05\/1000527305-2048x1365.jpg 2048w\" sizes=\"auto, (max-width: 1024px) 100vw, 1024px\" \/><\/figure>\n\n\n\n<figure class=\"wp-block-image size-large\"><img loading=\"lazy\" decoding=\"async\" width=\"1024\" height=\"768\" data-id=\"16539\" src=\"https:\/\/lasnoticiasconjoselecota.com\/v1\/wp-content\/uploads\/2025\/05\/1000527314-1024x768.jpg\" alt=\"\" class=\"wp-image-16539\" srcset=\"https:\/\/lasnoticiasconjoselecota.com\/v1\/wp-content\/uploads\/2025\/05\/1000527314-1024x768.jpg 1024w, https:\/\/lasnoticiasconjoselecota.com\/v1\/wp-content\/uploads\/2025\/05\/1000527314-300x225.jpg 300w, https:\/\/lasnoticiasconjoselecota.com\/v1\/wp-content\/uploads\/2025\/05\/1000527314-768x576.jpg 768w, https:\/\/lasnoticiasconjoselecota.com\/v1\/wp-content\/uploads\/2025\/05\/1000527314-1536x1152.jpg 1536w, https:\/\/lasnoticiasconjoselecota.com\/v1\/wp-content\/uploads\/2025\/05\/1000527314-2048x1536.jpg 2048w\" sizes=\"auto, (max-width: 1024px) 100vw, 1024px\" \/><\/figure>\n\n\n\n<figure class=\"wp-block-image size-large\"><img loading=\"lazy\" decoding=\"async\" width=\"1024\" height=\"682\" data-id=\"16538\" src=\"https:\/\/lasnoticiasconjoselecota.com\/v1\/wp-content\/uploads\/2025\/05\/1000527310-1024x682.jpg\" alt=\"\" class=\"wp-image-16538\" srcset=\"https:\/\/lasnoticiasconjoselecota.com\/v1\/wp-content\/uploads\/2025\/05\/1000527310-1024x682.jpg 1024w, https:\/\/lasnoticiasconjoselecota.com\/v1\/wp-content\/uploads\/2025\/05\/1000527310-300x200.jpg 300w, https:\/\/lasnoticiasconjoselecota.com\/v1\/wp-content\/uploads\/2025\/05\/1000527310-768x512.jpg 768w, https:\/\/lasnoticiasconjoselecota.com\/v1\/wp-content\/uploads\/2025\/05\/1000527310-1536x1024.jpg 1536w, https:\/\/lasnoticiasconjoselecota.com\/v1\/wp-content\/uploads\/2025\/05\/1000527310-2048x1365.jpg 2048w\" sizes=\"auto, (max-width: 1024px) 100vw, 1024px\" \/><\/figure>\n\n\n\n<figure class=\"wp-block-image size-large\"><img loading=\"lazy\" decoding=\"async\" width=\"1024\" height=\"682\" data-id=\"16536\" src=\"https:\/\/lasnoticiasconjoselecota.com\/v1\/wp-content\/uploads\/2025\/05\/1000527303-1024x682.jpg\" alt=\"\" class=\"wp-image-16536\" srcset=\"https:\/\/lasnoticiasconjoselecota.com\/v1\/wp-content\/uploads\/2025\/05\/1000527303-1024x682.jpg 1024w, https:\/\/lasnoticiasconjoselecota.com\/v1\/wp-content\/uploads\/2025\/05\/1000527303-300x200.jpg 300w, https:\/\/lasnoticiasconjoselecota.com\/v1\/wp-content\/uploads\/2025\/05\/1000527303-768x512.jpg 768w, https:\/\/lasnoticiasconjoselecota.com\/v1\/wp-content\/uploads\/2025\/05\/1000527303-1536x1024.jpg 1536w, https:\/\/lasnoticiasconjoselecota.com\/v1\/wp-content\/uploads\/2025\/05\/1000527303-2048x1365.jpg 2048w\" sizes=\"auto, (max-width: 1024px) 100vw, 1024px\" \/><\/figure>\n<\/figure>\n","protected":false},"excerpt":{"rendered":"<p>Angostura, Sinaloa a 01 de Mayo 2025.- En la Administraci\u00f3n Municipal encabezada por Alberto \u201cEl Capy\u201d Rivera, se llevo a cabo un evento c\u00edvico y colocaci\u00f3n de ofrenda floral en&hellip; <\/p>\n","protected":false},"author":3,"featured_media":16541,"comment_status":"open","ping_status":"closed","sticky":false,"template":"","format":"standard","meta":{"footnotes":""},"categories":[3],"tags":[],"class_list":["post-16535","post","type-post","status-publish","format-standard","has-post-thumbnail","hentry","category-locales"],"_links":{"self":[{"href":"https:\/\/lasnoticiasconjoselecota.com\/v1\/wp-json\/wp\/v2\/posts\/16535","targetHints":{"allow":["GET"]}}],"collection":[{"href":"https:\/\/lasnoticiasconjoselecota.com\/v1\/wp-json\/wp\/v2\/posts"}],"about":[{"href":"https:\/\/lasnoticiasconjoselecota.com\/v1\/wp-json\/wp\/v2\/types\/post"}],"author":[{"embeddable":true,"href":"https:\/\/lasnoticiasconjoselecota.com\/v1\/wp-json\/wp\/v2\/users\/3"}],"replies":[{"embeddable":true,"href":"https:\/\/lasnoticiasconjoselecota.com\/v1\/wp-json\/wp\/v2\/comments?post=16535"}],"version-history":[{"count":1,"href":"https:\/\/lasnoticiasconjoselecota.com\/v1\/wp-json\/wp\/v2\/posts\/16535\/revisions"}],"predecessor-version":[{"id":16542,"href":"https:\/\/lasnoticiasconjoselecota.com\/v1\/wp-json\/wp\/v2\/posts\/16535\/revisions\/16542"}],"wp:featuredmedia":[{"embeddable":true,"href":"https:\/\/lasnoticiasconjoselecota.com\/v1\/wp-json\/wp\/v2\/media\/16541"}],"wp:attachment":[{"href":"https:\/\/lasnoticiasconjoselecota.com\/v1\/wp-json\/wp\/v2\/media?parent=16535"}],"wp:term":[{"taxonomy":"category","embeddable":true,"href":"https:\/\/lasnoticiasconjoselecota.com\/v1\/wp-json\/wp\/v2\/categories?post=16535"},{"taxonomy":"post_tag","embeddable":true,"href":"https:\/\/lasnoticiasconjoselecota.com\/v1\/wp-json\/wp\/v2\/tags?post=16535"}],"curies":[{"name":"wp","href":"https:\/\/api.w.org\/{rel}","templated":true}]}}