{"id":16543,"date":"2025-05-01T18:31:27","date_gmt":"2025-05-02T01:31:27","guid":{"rendered":"https:\/\/lasnoticiasconjoselecota.com\/v1\/?p=16543"},"modified":"2025-05-01T18:32:00","modified_gmt":"2025-05-02T01:32:00","slug":"gerardo-vargas-pide-licencia-como-alcalde-de-ahome-congreso-analiza-posible-desafuero","status":"publish","type":"post","link":"https:\/\/lasnoticiasconjoselecota.com\/v1\/politica\/gerardo-vargas-pide-licencia-como-alcalde-de-ahome-congreso-analiza-posible-desafuero\/","title":{"rendered":"Gerardo Vargas pide licencia como alcalde de Ahome; Congreso analiza posible desafuero"},"content":{"rendered":"\n<p>Los Mochis, Sin. 01 de mayo<br>En un movimiento inesperado, Gerardo Vargas Landeros, presidente municipal de Ahome, present\u00f3 este jueves su solicitud de licencia para separarse del cargo. La noticia se da en medio de crecientes tensiones pol\u00edticas, ya que el Congreso del Estado de Sinaloa analiza la posibilidad de iniciar un proceso de desafuero en su contra.<\/p>\n\n\n\n<p>Aunque Vargas Landeros no ha detallado p\u00fablicamente los motivos de su licencia, fuentes cercanas al cabildo se\u00f1alan que estar\u00eda relacionada con los procedimientos que estudia el Poder Legislativo sinaloense. El desafuero, de concretarse, abrir\u00eda la puerta para que el alcalde enfrente posibles procesos legales sin la protecci\u00f3n que le otorga el cargo.<\/p>\n\n\n\n<p>Por su parte, legisladores locales han confirmado que existen an\u00e1lisis jur\u00eddicos en curso, que hoy jueves a las 8:00 pm se sometera el tema en la c\u00e1mara de diputados.<\/p>\n\n\n\n<p>La situaci\u00f3n genera incertidumbre pol\u00edtica en Ahome, uno de los municipios m\u00e1s importantes del norte del estado, donde diversos sectores esperan claridad sobre la ruta que tomar\u00e1 el gobierno municipal en los pr\u00f3ximos d\u00edas.<\/p>\n\n\n\n<p>Seguiremos informando conforme haya actualizaciones.<\/p>\n\n\n\n<figure class=\"wp-block-gallery has-nested-images columns-default is-cropped wp-block-gallery-2 is-layout-flex wp-block-gallery-is-layout-flex\">\n<figure class=\"wp-block-image size-large\"><img loading=\"lazy\" decoding=\"async\" width=\"790\" height=\"1024\" data-id=\"16546\" src=\"https:\/\/lasnoticiasconjoselecota.com\/v1\/wp-content\/uploads\/2025\/05\/1000527633-790x1024.jpg\" alt=\"\" class=\"wp-image-16546\" srcset=\"https:\/\/lasnoticiasconjoselecota.com\/v1\/wp-content\/uploads\/2025\/05\/1000527633-790x1024.jpg 790w, https:\/\/lasnoticiasconjoselecota.com\/v1\/wp-content\/uploads\/2025\/05\/1000527633-232x300.jpg 232w, https:\/\/lasnoticiasconjoselecota.com\/v1\/wp-content\/uploads\/2025\/05\/1000527633-768x995.jpg 768w, https:\/\/lasnoticiasconjoselecota.com\/v1\/wp-content\/uploads\/2025\/05\/1000527633-1186x1536.jpg 1186w, https:\/\/lasnoticiasconjoselecota.com\/v1\/wp-content\/uploads\/2025\/05\/1000527633.jpg 1235w\" sizes=\"auto, (max-width: 790px) 100vw, 790px\" \/><\/figure>\n<\/figure>\n","protected":false},"excerpt":{"rendered":"<p>Los Mochis, Sin. 01 de mayoEn un movimiento inesperado, Gerardo Vargas Landeros, presidente municipal de Ahome, present\u00f3 este jueves su solicitud de licencia para separarse del cargo. La noticia se&hellip; <\/p>\n","protected":false},"author":3,"featured_media":16547,"comment_status":"open","ping_status":"closed","sticky":false,"template":"","format":"standard","meta":{"footnotes":""},"categories":[1],"tags":[],"class_list":["post-16543","post","type-post","status-publish","format-standard","has-post-thumbnail","hentry","category-politica"],"_links":{"self":[{"href":"https:\/\/lasnoticiasconjoselecota.com\/v1\/wp-json\/wp\/v2\/posts\/16543","targetHints":{"allow":["GET"]}}],"collection":[{"href":"https:\/\/lasnoticiasconjoselecota.com\/v1\/wp-json\/wp\/v2\/posts"}],"about":[{"href":"https:\/\/lasnoticiasconjoselecota.com\/v1\/wp-json\/wp\/v2\/types\/post"}],"author":[{"embeddable":true,"href":"https:\/\/lasnoticiasconjoselecota.com\/v1\/wp-json\/wp\/v2\/users\/3"}],"replies":[{"embeddable":true,"href":"https:\/\/lasnoticiasconjoselecota.com\/v1\/wp-json\/wp\/v2\/comments?post=16543"}],"version-history":[{"count":1,"href":"https:\/\/lasnoticiasconjoselecota.com\/v1\/wp-json\/wp\/v2\/posts\/16543\/revisions"}],"predecessor-version":[{"id":16548,"href":"https:\/\/lasnoticiasconjoselecota.com\/v1\/wp-json\/wp\/v2\/posts\/16543\/revisions\/16548"}],"wp:featuredmedia":[{"embeddable":true,"href":"https:\/\/lasnoticiasconjoselecota.com\/v1\/wp-json\/wp\/v2\/media\/16547"}],"wp:attachment":[{"href":"https:\/\/lasnoticiasconjoselecota.com\/v1\/wp-json\/wp\/v2\/media?parent=16543"}],"wp:term":[{"taxonomy":"category","embeddable":true,"href":"https:\/\/lasnoticiasconjoselecota.com\/v1\/wp-json\/wp\/v2\/categories?post=16543"},{"taxonomy":"post_tag","embeddable":true,"href":"https:\/\/lasnoticiasconjoselecota.com\/v1\/wp-json\/wp\/v2\/tags?post=16543"}],"curies":[{"name":"wp","href":"https:\/\/api.w.org\/{rel}","templated":true}]}}