{"id":16549,"date":"2025-05-01T19:09:54","date_gmt":"2025-05-02T02:09:54","guid":{"rendered":"https:\/\/lasnoticiasconjoselecota.com\/v1\/?p=16549"},"modified":"2025-05-01T19:09:55","modified_gmt":"2025-05-02T02:09:55","slug":"con-grandes-resultados-culmina-sinaloa-su-participacion-en-el-tianguis-turistico-2025","status":"publish","type":"post","link":"https:\/\/lasnoticiasconjoselecota.com\/v1\/estatal\/con-grandes-resultados-culmina-sinaloa-su-participacion-en-el-tianguis-turistico-2025\/","title":{"rendered":"Con grandes resultados culmina Sinaloa su participaci\u00f3n en el Tianguis Tur\u00edstico 2025"},"content":{"rendered":"\n<ul class=\"wp-block-list\">\n<li>La secretaria de Turismo, Mireya Sosa Osuna, destac\u00f3 las alianzas y acuerdos que se lograron con socios comerciales, como Expedia, Despegar, Best Day y Price Travel, as\u00ed como el compromiso de trabajar en sinergia con los secretarios de turismo del pa\u00eds y el incremento de la conectividad a\u00e9rea<\/li>\n<\/ul>\n\n\n\n<p>Tijuana, Baja California, 1 de mayo de 2025.- Sinaloa culmin\u00f3 este jueves su participaci\u00f3n en el Tianguis Tur\u00edstico 2025, que se llev\u00f3 a cabo en Baja California del 28 de abril al 1 de mayo.<\/p>\n\n\n\n<p>Luego de cuatro arduas jornadas en las que se atendieron m\u00e1s de 1,400 citas de negocios en 48 agendas, la secretaria de Turismo, Mireya Sosa Osuna, destac\u00f3 las alianzas y acuerdos que se lograron con importantes socios comerciales, como Expedia, Despegar, Best Day y Price Travel, as\u00ed como el compromiso de trabajar en sinergia con los secretarios de turismo del pa\u00eds y el incremento de la conectividad a\u00e9rea.<\/p>\n\n\n\n<p>\u00abFueron cuatro d\u00edas de gran afluencia en el stand de Sinaloa, estamos muy contentos, realizamos promoci\u00f3n de nuestros cinco Pueblos M\u00e1gicos, nuestra belleza artesanal, toda nuestra cultura y tradiciones que tenemos por ofrecer, adem\u00e1s de la deliciosa gastronom\u00eda que nos distingue\u00bb, apunt\u00f3.<\/p>\n\n\n\n<p>La funcionaria estatal resalt\u00f3 la firma de convenio de colaboraci\u00f3n que se hizo con la Secretar\u00eda de Turismo de Nuevo Le\u00f3n.<br>Con la proximidad del Mundial de Futbol 2026 de la FIFA, que se realizar\u00e1 en la CDMX, Guadalajara y Monterrey, el objetivo ser\u00e1 trabajar de forma conjunta y que ambos estados se vean beneficiados con el turismo que arribar\u00e1 a disfrutar del campeonato de futbol.<\/p>\n\n\n\n<p>Y es que, gracias a su conectividad a\u00e9rea y su infraestructura renovada, Sinaloa se posiciona como una alternativa atractiva para turistas nacionales e internacionales.<\/p>\n\n\n\n<p>\u00abEstamos haciendo grandes convenios con nuestros amigos secretarios de Turismo del pa\u00eds, por ejemplo, con Nuevo Le\u00f3n vamos a colaborar, ya que Monterrey ser\u00e1 sede del Mundial de Futbol 2026 y estamos todos trabajando para promocionar toda la regi\u00f3n del norte de M\u00e9xico, donde habr\u00e1 rutas que salen desde Monterrey a todos los destinos, ya que a trav\u00e9s de Durango se van a venir a Mazatl\u00e1n\u00bb afirm\u00f3.<\/p>\n\n\n\n<p>Entre los acuerdos sobresalen los logrados con las agencias de viaje Expedia, a nivel internacional; Despegar, Best Day y Price Travel, en Latinoam\u00e9rica, para fortalecer la promoci\u00f3n de los destinos sinaloenses.<\/p>\n\n\n\n<p>\u00abTuvimos grandes alianzas, por ejemplo, una firma de convenio con Expedia, una de las agencias de viaje m\u00e1s importantes a nivel internacional, en el que vemos mucho potencial para seguir incrementando los visitantes; tambi\u00e9n firmamos con Price Travel y con Despegar, donde adem\u00e1s estamos incluyendo por primera vez a Los Mochis como la puerta de entrada a las Barrancas del Cobre que le estamos dando mucha promoci\u00f3n, vamos a hacer rutas a trav\u00e9s de todo el estado\u00bb, enfatiz\u00f3.<\/p>\n\n\n\n<p>En cuanto a conectividad a\u00e9rea se firm\u00f3 un acuerdo con la aerol\u00ednea TAR, que a partir del 7 de julio abrir\u00e1 las rutas Los Mochis-La Paz y Los Mochis-Chihuahua,<br>\u00abEstas conexiones fortalecen los lazos econ\u00f3micos, tur\u00edsticos y de negocios entre tres ciudades clave en el noroeste del pa\u00eds\u00bb, se\u00f1al\u00f3 Sosa Osuna.<\/p>\n\n\n\n<p>La secretaria de Turismo tambi\u00e9n sostuvo una reuni\u00f3n con Tania Rocha, de la aerol\u00ednea A\u00e9reo Servicio Guerrero, con quien se firm\u00f3 una carta intenci\u00f3n para un vuelo Mazatl\u00e1n-Torre\u00f3n y con Volaris, con un acuerdo para incrementar sus rutas en la entidad.<\/p>\n\n\n\n<p>\u00abNuestra misi\u00f3n en el Tianguis Tur\u00edstico era la de crear alianzas que permitan incrementar la conectividad a\u00e9rea en el estado y eso es precisamente lo que hicimos en estos tres d\u00edas de mucho trabajo, pero tambi\u00e9n de grandes resultados\u00bb, explic\u00f3.<\/p>\n\n\n\n<p>El stand de Sinaloa, uno de los m\u00e1s visitados en esta edici\u00f3n del Tianguis, el turismo se conect\u00f3 con la econom\u00eda local a trav\u00e9s del talento artesanal y la oferta cultural y gastron\u00f3mica del estado.<\/p>\n\n\n\n<p>Se sostuvieron adem\u00e1s reuniones con touroperadores de Europa para hacer rutas de Mazatl\u00e1n a Los Mochis y las Barrancas del Cobre y en el camino se puedan visitar los Pueblos M\u00e1gicos y Se\u00f1oriales.<\/p>\n\n\n\n<p>De esta manera reiter\u00f3 su compromiso de seguir trabajando y potencializando el turismo que genera bienestar compartido.<br>\u00abVamos por mucho en el turismo en Sinaloa, seguir promoviendo, fortaleci\u00e9ndolo, diversific\u00e1ndolo, trabajando en capacitaci\u00f3n para llegar a la profesionalizaci\u00f3n, digitalizaci\u00f3n en todo el estado, creaci\u00f3n de productos para abrir nuevos mercados y ejecutando la estrategia de marketing integral omnicanal\u00bb, puntualiz\u00f3.<\/p>\n\n\n\n<figure class=\"wp-block-gallery has-nested-images columns-default is-cropped wp-block-gallery-2 is-layout-flex wp-block-gallery-is-layout-flex\">\n<figure class=\"wp-block-image size-large\"><img loading=\"lazy\" decoding=\"async\" width=\"1024\" height=\"683\" data-id=\"16550\" src=\"https:\/\/lasnoticiasconjoselecota.com\/v1\/wp-content\/uploads\/2025\/05\/1000527825-1024x683.jpg\" alt=\"\" class=\"wp-image-16550\" srcset=\"https:\/\/lasnoticiasconjoselecota.com\/v1\/wp-content\/uploads\/2025\/05\/1000527825-1024x683.jpg 1024w, https:\/\/lasnoticiasconjoselecota.com\/v1\/wp-content\/uploads\/2025\/05\/1000527825-300x200.jpg 300w, https:\/\/lasnoticiasconjoselecota.com\/v1\/wp-content\/uploads\/2025\/05\/1000527825-768x512.jpg 768w, https:\/\/lasnoticiasconjoselecota.com\/v1\/wp-content\/uploads\/2025\/05\/1000527825.jpg 1080w\" sizes=\"auto, (max-width: 1024px) 100vw, 1024px\" \/><\/figure>\n\n\n\n<figure class=\"wp-block-image size-large\"><img loading=\"lazy\" decoding=\"async\" width=\"1024\" height=\"683\" data-id=\"16551\" src=\"https:\/\/lasnoticiasconjoselecota.com\/v1\/wp-content\/uploads\/2025\/05\/1000527821-1024x683.jpg\" alt=\"\" class=\"wp-image-16551\" srcset=\"https:\/\/lasnoticiasconjoselecota.com\/v1\/wp-content\/uploads\/2025\/05\/1000527821-1024x683.jpg 1024w, https:\/\/lasnoticiasconjoselecota.com\/v1\/wp-content\/uploads\/2025\/05\/1000527821-300x200.jpg 300w, https:\/\/lasnoticiasconjoselecota.com\/v1\/wp-content\/uploads\/2025\/05\/1000527821-768x512.jpg 768w, https:\/\/lasnoticiasconjoselecota.com\/v1\/wp-content\/uploads\/2025\/05\/1000527821.jpg 1080w\" sizes=\"auto, (max-width: 1024px) 100vw, 1024px\" \/><\/figure>\n\n\n\n<figure class=\"wp-block-image size-large\"><img loading=\"lazy\" decoding=\"async\" width=\"1024\" height=\"683\" data-id=\"16552\" src=\"https:\/\/lasnoticiasconjoselecota.com\/v1\/wp-content\/uploads\/2025\/05\/1000527824-1024x683.jpg\" alt=\"\" class=\"wp-image-16552\" srcset=\"https:\/\/lasnoticiasconjoselecota.com\/v1\/wp-content\/uploads\/2025\/05\/1000527824-1024x683.jpg 1024w, https:\/\/lasnoticiasconjoselecota.com\/v1\/wp-content\/uploads\/2025\/05\/1000527824-300x200.jpg 300w, https:\/\/lasnoticiasconjoselecota.com\/v1\/wp-content\/uploads\/2025\/05\/1000527824-768x512.jpg 768w, https:\/\/lasnoticiasconjoselecota.com\/v1\/wp-content\/uploads\/2025\/05\/1000527824.jpg 1080w\" sizes=\"auto, (max-width: 1024px) 100vw, 1024px\" \/><\/figure>\n\n\n\n<figure class=\"wp-block-image size-large\"><img loading=\"lazy\" decoding=\"async\" width=\"1024\" height=\"683\" data-id=\"16553\" src=\"https:\/\/lasnoticiasconjoselecota.com\/v1\/wp-content\/uploads\/2025\/05\/1000527823-1024x683.jpg\" alt=\"\" class=\"wp-image-16553\" srcset=\"https:\/\/lasnoticiasconjoselecota.com\/v1\/wp-content\/uploads\/2025\/05\/1000527823-1024x683.jpg 1024w, https:\/\/lasnoticiasconjoselecota.com\/v1\/wp-content\/uploads\/2025\/05\/1000527823-300x200.jpg 300w, https:\/\/lasnoticiasconjoselecota.com\/v1\/wp-content\/uploads\/2025\/05\/1000527823-768x512.jpg 768w, https:\/\/lasnoticiasconjoselecota.com\/v1\/wp-content\/uploads\/2025\/05\/1000527823.jpg 1080w\" sizes=\"auto, (max-width: 1024px) 100vw, 1024px\" \/><\/figure>\n<\/figure>\n","protected":false},"excerpt":{"rendered":"<p>Tijuana, Baja California, 1 de mayo de 2025.- Sinaloa culmin\u00f3 este jueves su participaci\u00f3n en el Tianguis Tur\u00edstico 2025, que se llev\u00f3 a cabo en Baja California del 28 de&hellip; <\/p>\n","protected":false},"author":3,"featured_media":16554,"comment_status":"open","ping_status":"closed","sticky":false,"template":"","format":"standard","meta":{"footnotes":""},"categories":[15],"tags":[],"class_list":["post-16549","post","type-post","status-publish","format-standard","has-post-thumbnail","hentry","category-estatal"],"_links":{"self":[{"href":"https:\/\/lasnoticiasconjoselecota.com\/v1\/wp-json\/wp\/v2\/posts\/16549","targetHints":{"allow":["GET"]}}],"collection":[{"href":"https:\/\/lasnoticiasconjoselecota.com\/v1\/wp-json\/wp\/v2\/posts"}],"about":[{"href":"https:\/\/lasnoticiasconjoselecota.com\/v1\/wp-json\/wp\/v2\/types\/post"}],"author":[{"embeddable":true,"href":"https:\/\/lasnoticiasconjoselecota.com\/v1\/wp-json\/wp\/v2\/users\/3"}],"replies":[{"embeddable":true,"href":"https:\/\/lasnoticiasconjoselecota.com\/v1\/wp-json\/wp\/v2\/comments?post=16549"}],"version-history":[{"count":1,"href":"https:\/\/lasnoticiasconjoselecota.com\/v1\/wp-json\/wp\/v2\/posts\/16549\/revisions"}],"predecessor-version":[{"id":16555,"href":"https:\/\/lasnoticiasconjoselecota.com\/v1\/wp-json\/wp\/v2\/posts\/16549\/revisions\/16555"}],"wp:featuredmedia":[{"embeddable":true,"href":"https:\/\/lasnoticiasconjoselecota.com\/v1\/wp-json\/wp\/v2\/media\/16554"}],"wp:attachment":[{"href":"https:\/\/lasnoticiasconjoselecota.com\/v1\/wp-json\/wp\/v2\/media?parent=16549"}],"wp:term":[{"taxonomy":"category","embeddable":true,"href":"https:\/\/lasnoticiasconjoselecota.com\/v1\/wp-json\/wp\/v2\/categories?post=16549"},{"taxonomy":"post_tag","embeddable":true,"href":"https:\/\/lasnoticiasconjoselecota.com\/v1\/wp-json\/wp\/v2\/tags?post=16549"}],"curies":[{"name":"wp","href":"https:\/\/api.w.org\/{rel}","templated":true}]}}