{"id":16578,"date":"2025-05-02T12:13:37","date_gmt":"2025-05-02T19:13:37","guid":{"rendered":"https:\/\/lasnoticiasconjoselecota.com\/v1\/?p=16578"},"modified":"2025-05-02T12:13:39","modified_gmt":"2025-05-02T19:13:39","slug":"recibe-la-unidad-regional-sur-de-la-uas-a-la-comision-de-pares-academicos-de-los-ciees-en-el-marco-de-la-reacreditacion-institucional","status":"publish","type":"post","link":"https:\/\/lasnoticiasconjoselecota.com\/v1\/estatal\/recibe-la-unidad-regional-sur-de-la-uas-a-la-comision-de-pares-academicos-de-los-ciees-en-el-marco-de-la-reacreditacion-institucional\/","title":{"rendered":"Recibe la Unidad Regional Sur de la UAS a la comisi\u00f3n de pares acad\u00e9micos de los CIEES, en el marco de la reacreditaci\u00f3n institucional"},"content":{"rendered":"\n<p>Atendiendo su compromiso ineludible con la excelencia acad\u00e9mica, la Unidad Regional Sur de la Universidad Aut\u00f3noma de Sinaloa (UAS) recibi\u00f3 este martes, de manera virtual a la comisi\u00f3n de pares acad\u00e9micos externos de los Comit\u00e9s Interinstitucionales para la Evaluaci\u00f3n de la Educaci\u00f3n Superior (CIEES), quienes revisar\u00e1n su desempe\u00f1o institucional en el marco de la reacreditaci\u00f3n.<\/p>\n\n\n\n<p>Este primer encuentro se realiz\u00f3 de manera remota y en \u00e9l participaron autoridades universitarias y el equipo de evaluaci\u00f3n, en donde dieron inicio con las entrevistas a directivos, estudiantes, as\u00ed como egresados.<\/p>\n\n\n\n<p>El vicerrector de la Unidad Regional Sur, doctor Manuel Iv\u00e1n Tostado Ram\u00edrez, destac\u00f3 que este proceso constituye una oportunidad invaluable para identificar fortalezas y \u00e1reas de mejora, recordando que la educaci\u00f3n superior de calidad es una responsabilidad compartida y permanente.<\/p>\n\n\n\n<p>\u201cEs el refrendo a una cultura ya establecida desde hace varios a\u00f1os aqu\u00ed en la instituci\u00f3n, en la permanencia de las evaluaciones, un instrumento y ejercicio que mantenemos al d\u00eda con la mejora continua y que mejor que sean organismos externos los que vengan a informarnos\u201d, detall\u00f3.<\/p>\n\n\n\n<p>Se\u00f1al\u00f3 que, a trav\u00e9s de este ejercicio de evaluaci\u00f3n, se atiende de manera integral el Eje 6 del Plan de Desarrollo Institucional, orientado a la rendici\u00f3n de cuentas, la transparencia y el acceso a la informaci\u00f3n, al ofrecer a los CIEES un mecanismo abierto de revisi\u00f3n que refleja el quehacer de la instituci\u00f3n educativa.<\/p>\n\n\n\n<p>\u201cEstuvimos trabajando estos d\u00edas previos, a trav\u00e9s de reuniones con el equipo directivo que se involucra, directamente con secretar\u00eda acad\u00e9mica, la Direcci\u00f3n de Recursos Humanos, la Direcci\u00f3n General de Investigaci\u00f3n y Posgrado, diferentes \u00e1reas del equipo directivo que desarrolla las actividades sustanciales de la instituci\u00f3n\u201d, coment\u00f3.<\/p>\n\n\n\n<p>Subray\u00f3 que la jornada que llevar\u00e1 a cabo este organismo en la Casa Rosalina representa una intervenci\u00f3n de alto impacto y pertinencia, que contribuir\u00e1 al fortalecimiento del proyecto institucional iniciado en 2021 por el rector, doctor Jes\u00fas Madue\u00f1a Molina, y refrendado por la comunidad universitaria.<\/p>\n\n\n\n<figure class=\"wp-block-gallery has-nested-images columns-default is-cropped wp-block-gallery-2 is-layout-flex wp-block-gallery-is-layout-flex\">\n<figure class=\"wp-block-image size-large\"><img loading=\"lazy\" decoding=\"async\" width=\"684\" height=\"1024\" data-id=\"16581\" src=\"https:\/\/lasnoticiasconjoselecota.com\/v1\/wp-content\/uploads\/2025\/05\/1000528685-684x1024.jpg\" alt=\"\" class=\"wp-image-16581\" srcset=\"https:\/\/lasnoticiasconjoselecota.com\/v1\/wp-content\/uploads\/2025\/05\/1000528685-684x1024.jpg 684w, https:\/\/lasnoticiasconjoselecota.com\/v1\/wp-content\/uploads\/2025\/05\/1000528685-200x300.jpg 200w, https:\/\/lasnoticiasconjoselecota.com\/v1\/wp-content\/uploads\/2025\/05\/1000528685-768x1150.jpg 768w, https:\/\/lasnoticiasconjoselecota.com\/v1\/wp-content\/uploads\/2025\/05\/1000528685.jpg 962w\" sizes=\"auto, (max-width: 684px) 100vw, 684px\" \/><\/figure>\n\n\n\n<figure class=\"wp-block-image size-large\"><img loading=\"lazy\" decoding=\"async\" width=\"1024\" height=\"685\" data-id=\"16579\" src=\"https:\/\/lasnoticiasconjoselecota.com\/v1\/wp-content\/uploads\/2025\/05\/1000528688-1024x685.jpg\" alt=\"\" class=\"wp-image-16579\" srcset=\"https:\/\/lasnoticiasconjoselecota.com\/v1\/wp-content\/uploads\/2025\/05\/1000528688-1024x685.jpg 1024w, https:\/\/lasnoticiasconjoselecota.com\/v1\/wp-content\/uploads\/2025\/05\/1000528688-300x201.jpg 300w, https:\/\/lasnoticiasconjoselecota.com\/v1\/wp-content\/uploads\/2025\/05\/1000528688-768x513.jpg 768w, https:\/\/lasnoticiasconjoselecota.com\/v1\/wp-content\/uploads\/2025\/05\/1000528688.jpg 1080w\" sizes=\"auto, (max-width: 1024px) 100vw, 1024px\" \/><\/figure>\n\n\n\n<figure class=\"wp-block-image size-large\"><img loading=\"lazy\" decoding=\"async\" width=\"1024\" height=\"685\" data-id=\"16580\" src=\"https:\/\/lasnoticiasconjoselecota.com\/v1\/wp-content\/uploads\/2025\/05\/1000528686-1024x685.jpg\" alt=\"\" class=\"wp-image-16580\" srcset=\"https:\/\/lasnoticiasconjoselecota.com\/v1\/wp-content\/uploads\/2025\/05\/1000528686-1024x685.jpg 1024w, https:\/\/lasnoticiasconjoselecota.com\/v1\/wp-content\/uploads\/2025\/05\/1000528686-300x201.jpg 300w, https:\/\/lasnoticiasconjoselecota.com\/v1\/wp-content\/uploads\/2025\/05\/1000528686-768x513.jpg 768w, https:\/\/lasnoticiasconjoselecota.com\/v1\/wp-content\/uploads\/2025\/05\/1000528686.jpg 1080w\" sizes=\"auto, (max-width: 1024px) 100vw, 1024px\" \/><\/figure>\n<\/figure>\n","protected":false},"excerpt":{"rendered":"<p>Atendiendo su compromiso ineludible con la excelencia acad\u00e9mica, la Unidad Regional Sur de la Universidad Aut\u00f3noma de Sinaloa (UAS) recibi\u00f3 este martes, de manera virtual a la comisi\u00f3n de pares&hellip; <\/p>\n","protected":false},"author":3,"featured_media":16582,"comment_status":"open","ping_status":"closed","sticky":false,"template":"","format":"standard","meta":{"footnotes":""},"categories":[15],"tags":[],"class_list":["post-16578","post","type-post","status-publish","format-standard","has-post-thumbnail","hentry","category-estatal"],"_links":{"self":[{"href":"https:\/\/lasnoticiasconjoselecota.com\/v1\/wp-json\/wp\/v2\/posts\/16578","targetHints":{"allow":["GET"]}}],"collection":[{"href":"https:\/\/lasnoticiasconjoselecota.com\/v1\/wp-json\/wp\/v2\/posts"}],"about":[{"href":"https:\/\/lasnoticiasconjoselecota.com\/v1\/wp-json\/wp\/v2\/types\/post"}],"author":[{"embeddable":true,"href":"https:\/\/lasnoticiasconjoselecota.com\/v1\/wp-json\/wp\/v2\/users\/3"}],"replies":[{"embeddable":true,"href":"https:\/\/lasnoticiasconjoselecota.com\/v1\/wp-json\/wp\/v2\/comments?post=16578"}],"version-history":[{"count":1,"href":"https:\/\/lasnoticiasconjoselecota.com\/v1\/wp-json\/wp\/v2\/posts\/16578\/revisions"}],"predecessor-version":[{"id":16583,"href":"https:\/\/lasnoticiasconjoselecota.com\/v1\/wp-json\/wp\/v2\/posts\/16578\/revisions\/16583"}],"wp:featuredmedia":[{"embeddable":true,"href":"https:\/\/lasnoticiasconjoselecota.com\/v1\/wp-json\/wp\/v2\/media\/16582"}],"wp:attachment":[{"href":"https:\/\/lasnoticiasconjoselecota.com\/v1\/wp-json\/wp\/v2\/media?parent=16578"}],"wp:term":[{"taxonomy":"category","embeddable":true,"href":"https:\/\/lasnoticiasconjoselecota.com\/v1\/wp-json\/wp\/v2\/categories?post=16578"},{"taxonomy":"post_tag","embeddable":true,"href":"https:\/\/lasnoticiasconjoselecota.com\/v1\/wp-json\/wp\/v2\/tags?post=16578"}],"curies":[{"name":"wp","href":"https:\/\/api.w.org\/{rel}","templated":true}]}}