{"id":16593,"date":"2025-05-02T15:24:07","date_gmt":"2025-05-02T22:24:07","guid":{"rendered":"https:\/\/lasnoticiasconjoselecota.com\/v1\/?p=16593"},"modified":"2025-05-02T15:24:08","modified_gmt":"2025-05-02T22:24:08","slug":"antonio-menendez-de-llano-asume-como-alcalde-sustituto-de-ahome-anuncia-reingenieria-administrativa-y-compromiso-con-la-transparencia","status":"publish","type":"post","link":"https:\/\/lasnoticiasconjoselecota.com\/v1\/locales\/antonio-menendez-de-llano-asume-como-alcalde-sustituto-de-ahome-anuncia-reingenieria-administrativa-y-compromiso-con-la-transparencia\/","title":{"rendered":"Antonio Men\u00e9ndez de Llano asume como alcalde sustituto de Ahome; anuncia reingenier\u00eda administrativa y compromiso con la transparencia"},"content":{"rendered":"\n<p>Ahome, Sinaloa, 2 de mayo 2025 \u2014 Antonio Men\u00e9ndez de Llano rindi\u00f3 protesta este viernes como alcalde sustituto de Ahome y, en su primera conferencia oficial como presidente municipal, asegur\u00f3 que su administraci\u00f3n trabajar\u00e1 bajo principios de transparencia y responsabilidad.<\/p>\n\n\n\n<p>Men\u00e9ndez adelant\u00f3 que tras una revisi\u00f3n profunda de las \u00e1reas del Ayuntamiento, se implementar\u00e1n cambios importantes en la estructura administrativa, con el objetivo de optimizar el funcionamiento del gobierno local y mejorar la atenci\u00f3n a la ciudadan\u00eda.<\/p>\n\n\n\n<p>\u201cVamos a hacer una reingenier\u00eda en el Ayuntamiento; no venimos a simular, sino a transformar lo que sea necesario para que Ahome avance\u201d, expres\u00f3 el nuevo alcalde ante medios de comunicaci\u00f3n.<\/p>\n\n\n\n<p>Por su parte, el gobernador Rub\u00e9n Rocha Moya respald\u00f3 p\u00fablicamente a Men\u00e9ndez de Llano, asegurando que contar\u00e1 con todo su apoyo para sacar adelante al municipio y atender las necesidades prioritarias de la poblaci\u00f3n.<\/p>\n\n\n\n<figure class=\"wp-block-gallery has-nested-images columns-default is-cropped wp-block-gallery-2 is-layout-flex wp-block-gallery-is-layout-flex\">\n<figure class=\"wp-block-image size-large\"><img loading=\"lazy\" decoding=\"async\" width=\"834\" height=\"1024\" data-id=\"16594\" src=\"https:\/\/lasnoticiasconjoselecota.com\/v1\/wp-content\/uploads\/2025\/05\/1000529312-834x1024.jpg\" alt=\"\" class=\"wp-image-16594\" srcset=\"https:\/\/lasnoticiasconjoselecota.com\/v1\/wp-content\/uploads\/2025\/05\/1000529312-834x1024.jpg 834w, https:\/\/lasnoticiasconjoselecota.com\/v1\/wp-content\/uploads\/2025\/05\/1000529312-244x300.jpg 244w, https:\/\/lasnoticiasconjoselecota.com\/v1\/wp-content\/uploads\/2025\/05\/1000529312-768x943.jpg 768w, https:\/\/lasnoticiasconjoselecota.com\/v1\/wp-content\/uploads\/2025\/05\/1000529312.jpg 848w\" sizes=\"auto, (max-width: 834px) 100vw, 834px\" \/><\/figure>\n<\/figure>\n","protected":false},"excerpt":{"rendered":"<p>Ahome, Sinaloa, 2 de mayo 2025 \u2014 Antonio Men\u00e9ndez de Llano rindi\u00f3 protesta este viernes como alcalde sustituto de Ahome y, en su primera conferencia oficial como presidente municipal, asegur\u00f3&hellip; <\/p>\n","protected":false},"author":3,"featured_media":16595,"comment_status":"open","ping_status":"closed","sticky":false,"template":"","format":"standard","meta":{"footnotes":""},"categories":[3],"tags":[],"class_list":["post-16593","post","type-post","status-publish","format-standard","has-post-thumbnail","hentry","category-locales"],"_links":{"self":[{"href":"https:\/\/lasnoticiasconjoselecota.com\/v1\/wp-json\/wp\/v2\/posts\/16593","targetHints":{"allow":["GET"]}}],"collection":[{"href":"https:\/\/lasnoticiasconjoselecota.com\/v1\/wp-json\/wp\/v2\/posts"}],"about":[{"href":"https:\/\/lasnoticiasconjoselecota.com\/v1\/wp-json\/wp\/v2\/types\/post"}],"author":[{"embeddable":true,"href":"https:\/\/lasnoticiasconjoselecota.com\/v1\/wp-json\/wp\/v2\/users\/3"}],"replies":[{"embeddable":true,"href":"https:\/\/lasnoticiasconjoselecota.com\/v1\/wp-json\/wp\/v2\/comments?post=16593"}],"version-history":[{"count":1,"href":"https:\/\/lasnoticiasconjoselecota.com\/v1\/wp-json\/wp\/v2\/posts\/16593\/revisions"}],"predecessor-version":[{"id":16596,"href":"https:\/\/lasnoticiasconjoselecota.com\/v1\/wp-json\/wp\/v2\/posts\/16593\/revisions\/16596"}],"wp:featuredmedia":[{"embeddable":true,"href":"https:\/\/lasnoticiasconjoselecota.com\/v1\/wp-json\/wp\/v2\/media\/16595"}],"wp:attachment":[{"href":"https:\/\/lasnoticiasconjoselecota.com\/v1\/wp-json\/wp\/v2\/media?parent=16593"}],"wp:term":[{"taxonomy":"category","embeddable":true,"href":"https:\/\/lasnoticiasconjoselecota.com\/v1\/wp-json\/wp\/v2\/categories?post=16593"},{"taxonomy":"post_tag","embeddable":true,"href":"https:\/\/lasnoticiasconjoselecota.com\/v1\/wp-json\/wp\/v2\/tags?post=16593"}],"curies":[{"name":"wp","href":"https:\/\/api.w.org\/{rel}","templated":true}]}}