{"id":16598,"date":"2025-05-02T17:08:41","date_gmt":"2025-05-03T00:08:41","guid":{"rendered":"https:\/\/lasnoticiasconjoselecota.com\/v1\/?p=16598"},"modified":"2025-05-02T17:10:22","modified_gmt":"2025-05-03T00:10:22","slug":"www-lasnoticiasconjoselecota-comrealizan-con-exito-la-jornada-de-lasalud-en-la-comunidad-el-mezquite","status":"publish","type":"post","link":"https:\/\/lasnoticiasconjoselecota.com\/v1\/locales\/www-lasnoticiasconjoselecota-comrealizan-con-exito-la-jornada-de-lasalud-en-la-comunidad-el-mezquite\/","title":{"rendered":"Realizan con \u00e9xito la Jornada de laSalud en la comunidad El Mezquite"},"content":{"rendered":"\n<p>Unen esfuerzos la Jurisdicci\u00f3n Sanitaria n\u00famero III, DIF y el ayuntamiento de Mocorito<\/p>\n\n\n\n<p>EL MEZQUITE, MOCORITO, a 02 de mayo de 2025.- Con el objetivo de llevar salud y de facilitar el acceso a ella en las comunidades serranas, as\u00ed como para detectar y prevenir ciertas enfermedades; esta ma\u00f1ana el ayuntamiento de Mocorito y el sistema DIF en coordinaci\u00f3n con la Jurisdicci\u00f3n Sanitaria n\u00famero III llevaron a cabo con gran \u00e9xito, la Jornada de Salud en la comunidad El Mezquite.<\/p>\n\n\n\n<p>Durante su discurso inaugural, el alcalde Enrique Parra Melecio precis\u00f3 que, para su gobierno la salud de las personas es un tema muy prioritario, porque de ah\u00ed parte todo el bienestar del ser humano. Por ello, dijo que no se escatiman esfuerzos para acercar y facilitar estos beneficios a la ciudadan\u00eda garantiz\u00e1ndoles de esta manera un derecho humano constitucional.<\/p>\n\n\n\n<p>\u201cEs una jornada que hacemos en coordinaci\u00f3n con la Jurisdicci\u00f3n Sanitaria n\u00famero III, DIF y ayuntamiento de Mocorito, ha sido un evento muy exitoso porque hemos contado con una buena asistencia de personas, son muy importantes este tipo de eventos porque se atiende un \u00e1rea muy especial en la vida de cualquier persona como lo es la salud; la salud es un tesoro, es algo sagrado que alguien puede tener\u201d, asever\u00f3.<\/p>\n\n\n\n<p>Por su parte, el jefe de la Jurisdicci\u00f3n Sanitaria n\u00famero III Julio C\u00e9sar L\u00f3pez Ramos puntualiz\u00f3 que, en esta Jornada de Salud, se prestaron servicios preventivos y para ello, se cont\u00f3 con una unidad m\u00f3vil para realizar mastograf\u00edas, Papanicolaou y detecci\u00f3n del Virus del Papiloma Humano; ya que se busca hacerle frente c\u00e1ncer de mama y el c\u00e1ncer cervicouterino, que son las principales causas de muerte de la mujer sinaloense.<\/p>\n\n\n\n<p>\u201cEn el adulto mayor se realiza la prueba de glucosa, colesterol y triglic\u00e9ridos, para detectar diabetes e hipertensi\u00f3n, tambi\u00e9n en el \u00e1rea de vacunolog\u00eda buscamos completar los esquemas de vacunaci\u00f3n de la ni\u00f1ez y adultos mayores, tenemos una cartilla nacional de salud para todas las edades\u201d, indic\u00f3.<\/p>\n\n\n\n<p>Otra de los servicios que prest\u00f3 esta Jornada de Salud fue el \u00e1rea de prevenci\u00f3n del VIH, combate al dengue donde el personal de vectores regal\u00f3 abate para prevenir la proliferaci\u00f3n del mosco transmisor, se aplicaron vacunas antirr\u00e1bicas felina y canina; se cont\u00f3 con la ventanilla de planificaci\u00f3n familiar, de tuberculosis y del Centro Comunitario de Salud Mental y Adicciones, se ofrecieron consultas m\u00e9dicas y se canaliz\u00f3 a un paciente al Hospital General de Mocorito.<\/p>\n\n\n\n<p><br>Mientras tanto, el sistema DIF hizo entrega de despensas, de pi\u00f1atas a las escuelas de El Mezquite; prest\u00f3 el servicio de rehabilitaci\u00f3n, nutrici\u00f3n, trabajo social y la Procuradur\u00eda del Menor, la Mujer y la Familia.<\/p>\n\n\n\n<figure class=\"wp-block-gallery has-nested-images columns-default is-cropped wp-block-gallery-2 is-layout-flex wp-block-gallery-is-layout-flex\">\n<figure class=\"wp-block-image size-large\"><img loading=\"lazy\" decoding=\"async\" width=\"1024\" height=\"768\" data-id=\"16600\" src=\"https:\/\/lasnoticiasconjoselecota.com\/v1\/wp-content\/uploads\/2025\/05\/1000529412-1024x768.jpg\" alt=\"\" class=\"wp-image-16600\" srcset=\"https:\/\/lasnoticiasconjoselecota.com\/v1\/wp-content\/uploads\/2025\/05\/1000529412-1024x768.jpg 1024w, https:\/\/lasnoticiasconjoselecota.com\/v1\/wp-content\/uploads\/2025\/05\/1000529412-300x225.jpg 300w, https:\/\/lasnoticiasconjoselecota.com\/v1\/wp-content\/uploads\/2025\/05\/1000529412-768x576.jpg 768w, https:\/\/lasnoticiasconjoselecota.com\/v1\/wp-content\/uploads\/2025\/05\/1000529412-1536x1152.jpg 1536w, https:\/\/lasnoticiasconjoselecota.com\/v1\/wp-content\/uploads\/2025\/05\/1000529412-2048x1536.jpg 2048w\" sizes=\"auto, (max-width: 1024px) 100vw, 1024px\" \/><\/figure>\n\n\n\n<figure class=\"wp-block-image size-large\"><img loading=\"lazy\" decoding=\"async\" width=\"1024\" height=\"768\" data-id=\"16601\" src=\"https:\/\/lasnoticiasconjoselecota.com\/v1\/wp-content\/uploads\/2025\/05\/1000529428-1024x768.jpg\" alt=\"\" class=\"wp-image-16601\" srcset=\"https:\/\/lasnoticiasconjoselecota.com\/v1\/wp-content\/uploads\/2025\/05\/1000529428-1024x768.jpg 1024w, https:\/\/lasnoticiasconjoselecota.com\/v1\/wp-content\/uploads\/2025\/05\/1000529428-300x225.jpg 300w, https:\/\/lasnoticiasconjoselecota.com\/v1\/wp-content\/uploads\/2025\/05\/1000529428-768x576.jpg 768w, https:\/\/lasnoticiasconjoselecota.com\/v1\/wp-content\/uploads\/2025\/05\/1000529428-1536x1152.jpg 1536w, https:\/\/lasnoticiasconjoselecota.com\/v1\/wp-content\/uploads\/2025\/05\/1000529428-2048x1536.jpg 2048w\" sizes=\"auto, (max-width: 1024px) 100vw, 1024px\" \/><\/figure>\n\n\n\n<figure class=\"wp-block-image size-large\"><img loading=\"lazy\" decoding=\"async\" width=\"1024\" height=\"768\" data-id=\"16599\" src=\"https:\/\/lasnoticiasconjoselecota.com\/v1\/wp-content\/uploads\/2025\/05\/1000529414-1024x768.jpg\" alt=\"\" class=\"wp-image-16599\" srcset=\"https:\/\/lasnoticiasconjoselecota.com\/v1\/wp-content\/uploads\/2025\/05\/1000529414-1024x768.jpg 1024w, https:\/\/lasnoticiasconjoselecota.com\/v1\/wp-content\/uploads\/2025\/05\/1000529414-300x225.jpg 300w, https:\/\/lasnoticiasconjoselecota.com\/v1\/wp-content\/uploads\/2025\/05\/1000529414-768x576.jpg 768w, https:\/\/lasnoticiasconjoselecota.com\/v1\/wp-content\/uploads\/2025\/05\/1000529414-1536x1152.jpg 1536w, https:\/\/lasnoticiasconjoselecota.com\/v1\/wp-content\/uploads\/2025\/05\/1000529414-2048x1536.jpg 2048w\" sizes=\"auto, (max-width: 1024px) 100vw, 1024px\" \/><\/figure>\n<\/figure>\n","protected":false},"excerpt":{"rendered":"<p>Unen esfuerzos la Jurisdicci\u00f3n Sanitaria n\u00famero III, DIF y el ayuntamiento de Mocorito EL MEZQUITE, MOCORITO, a 02 de mayo de 2025.- Con el objetivo de llevar salud y de&hellip; <\/p>\n","protected":false},"author":3,"featured_media":16602,"comment_status":"open","ping_status":"closed","sticky":false,"template":"","format":"standard","meta":{"footnotes":""},"categories":[3],"tags":[],"class_list":["post-16598","post","type-post","status-publish","format-standard","has-post-thumbnail","hentry","category-locales"],"_links":{"self":[{"href":"https:\/\/lasnoticiasconjoselecota.com\/v1\/wp-json\/wp\/v2\/posts\/16598","targetHints":{"allow":["GET"]}}],"collection":[{"href":"https:\/\/lasnoticiasconjoselecota.com\/v1\/wp-json\/wp\/v2\/posts"}],"about":[{"href":"https:\/\/lasnoticiasconjoselecota.com\/v1\/wp-json\/wp\/v2\/types\/post"}],"author":[{"embeddable":true,"href":"https:\/\/lasnoticiasconjoselecota.com\/v1\/wp-json\/wp\/v2\/users\/3"}],"replies":[{"embeddable":true,"href":"https:\/\/lasnoticiasconjoselecota.com\/v1\/wp-json\/wp\/v2\/comments?post=16598"}],"version-history":[{"count":3,"href":"https:\/\/lasnoticiasconjoselecota.com\/v1\/wp-json\/wp\/v2\/posts\/16598\/revisions"}],"predecessor-version":[{"id":16605,"href":"https:\/\/lasnoticiasconjoselecota.com\/v1\/wp-json\/wp\/v2\/posts\/16598\/revisions\/16605"}],"wp:featuredmedia":[{"embeddable":true,"href":"https:\/\/lasnoticiasconjoselecota.com\/v1\/wp-json\/wp\/v2\/media\/16602"}],"wp:attachment":[{"href":"https:\/\/lasnoticiasconjoselecota.com\/v1\/wp-json\/wp\/v2\/media?parent=16598"}],"wp:term":[{"taxonomy":"category","embeddable":true,"href":"https:\/\/lasnoticiasconjoselecota.com\/v1\/wp-json\/wp\/v2\/categories?post=16598"},{"taxonomy":"post_tag","embeddable":true,"href":"https:\/\/lasnoticiasconjoselecota.com\/v1\/wp-json\/wp\/v2\/tags?post=16598"}],"curies":[{"name":"wp","href":"https:\/\/api.w.org\/{rel}","templated":true}]}}