{"id":16613,"date":"2025-05-03T12:40:10","date_gmt":"2025-05-03T19:40:10","guid":{"rendered":"https:\/\/lasnoticiasconjoselecota.com\/v1\/?p=16613"},"modified":"2025-05-03T12:40:11","modified_gmt":"2025-05-03T19:40:11","slug":"%f0%9f%90%be-segundo-dia-de-compromiso-por-el-bienestar-animal-%f0%9f%90%b6%f0%9f%90%b1","status":"publish","type":"post","link":"https:\/\/lasnoticiasconjoselecota.com\/v1\/estatal\/%f0%9f%90%be-segundo-dia-de-compromiso-por-el-bienestar-animal-%f0%9f%90%b6%f0%9f%90%b1\/","title":{"rendered":"\ud83d\udc3e \u00a1Segundo d\u00eda de compromiso por el bienestar animal! \ud83d\udc36\ud83d\udc31"},"content":{"rendered":"\n<p>Este s\u00e1bado 3 de mayo contin\u00faa la campa\u00f1a \u201cAma, cuida \u00a1esteriliza!\u201d encabezada por la SEBIDES, SALUD y SEPyC con esterilizaciones gratuitas en el Polideportivo Juan S. Mill\u00e1n desde temprana hora. \ud83d\udd57<\/p>\n\n\n\n<p>Adem\u00e1s, en la Biblioteca Gilberto Owen, se realizaron mesas de trabajo moderada por la subsecretaria Nict\u00e9 Loi Cece\u00f1a Romero, sobre:<\/p>\n\n\n\n<p>\ud83d\udd39 Pol\u00edticas p\u00fablicas y marco legal<br>\ud83d\udd39 Bienestar animal y tenencia responsable<br>\ud83d\udd39 Animales en situaci\u00f3n de vulnerabilidad<br>\ud83d\udd39 Fauna silvestre y explotaci\u00f3n<br>\ud83d\udd39 Educaci\u00f3n y concientizaci\u00f3n<br>\ud83d\udd39 Salud p\u00fablica y relaci\u00f3n humano-animal<\/p>\n\n\n\n<p>Ayer en la inauguraci\u00f3n dimos inicio con conferencias y paneles sobre protecci\u00f3n animal, zoonosis, tenencia responsable, vida silvestre y experiencias exitosas a nivel nacional. \u00a1Una jornada llena de aprendizajes!<\/p>\n\n\n\n<p>Siguiendo la visi\u00f3n de nuestro Gobernador Dr. Rub\u00e9n Rocha Moya y bajo la gu\u00eda de nuestra Secretaria de SEBIDES, Mar\u00eda In\u00e9s P\u00e9rez Corral, invitamos participa y ser parte del cambio. Porque amar tambi\u00e9n es esterilizar \ud83d\udc9a\ud83d\udc3e<\/p>\n\n\n\n<h1 class=\"wp-block-heading\">GobiernoConSentidoSocial #TrabajoEnEquipo #SEBIDES #AmaCuidaEsteriliza #BienestarAnimal #Culiac\u00e1n #TenenciaResponsable #Protecci\u00f3nAnimal #EsterilizaNoAbandones<\/h1>\n\n\n\n<figure class=\"wp-block-gallery has-nested-images columns-default is-cropped wp-block-gallery-2 is-layout-flex wp-block-gallery-is-layout-flex\">\n<figure class=\"wp-block-image size-large\"><img loading=\"lazy\" decoding=\"async\" width=\"1024\" height=\"683\" data-id=\"16614\" src=\"https:\/\/lasnoticiasconjoselecota.com\/v1\/wp-content\/uploads\/2025\/05\/1000530474-1024x683.jpg\" alt=\"\" class=\"wp-image-16614\" srcset=\"https:\/\/lasnoticiasconjoselecota.com\/v1\/wp-content\/uploads\/2025\/05\/1000530474-1024x683.jpg 1024w, https:\/\/lasnoticiasconjoselecota.com\/v1\/wp-content\/uploads\/2025\/05\/1000530474-300x200.jpg 300w, https:\/\/lasnoticiasconjoselecota.com\/v1\/wp-content\/uploads\/2025\/05\/1000530474-768x512.jpg 768w, https:\/\/lasnoticiasconjoselecota.com\/v1\/wp-content\/uploads\/2025\/05\/1000530474.jpg 1080w\" sizes=\"auto, (max-width: 1024px) 100vw, 1024px\" \/><\/figure>\n\n\n\n<figure class=\"wp-block-image size-large\"><img loading=\"lazy\" decoding=\"async\" width=\"1024\" height=\"683\" data-id=\"16615\" src=\"https:\/\/lasnoticiasconjoselecota.com\/v1\/wp-content\/uploads\/2025\/05\/1000530476-1024x683.jpg\" alt=\"\" class=\"wp-image-16615\" srcset=\"https:\/\/lasnoticiasconjoselecota.com\/v1\/wp-content\/uploads\/2025\/05\/1000530476-1024x683.jpg 1024w, https:\/\/lasnoticiasconjoselecota.com\/v1\/wp-content\/uploads\/2025\/05\/1000530476-300x200.jpg 300w, https:\/\/lasnoticiasconjoselecota.com\/v1\/wp-content\/uploads\/2025\/05\/1000530476-768x512.jpg 768w, https:\/\/lasnoticiasconjoselecota.com\/v1\/wp-content\/uploads\/2025\/05\/1000530476.jpg 1080w\" sizes=\"auto, (max-width: 1024px) 100vw, 1024px\" \/><\/figure>\n\n\n\n<figure class=\"wp-block-image size-large\"><img loading=\"lazy\" decoding=\"async\" width=\"1024\" height=\"683\" data-id=\"16616\" src=\"https:\/\/lasnoticiasconjoselecota.com\/v1\/wp-content\/uploads\/2025\/05\/1000530472-1024x683.jpg\" alt=\"\" class=\"wp-image-16616\" srcset=\"https:\/\/lasnoticiasconjoselecota.com\/v1\/wp-content\/uploads\/2025\/05\/1000530472-1024x683.jpg 1024w, https:\/\/lasnoticiasconjoselecota.com\/v1\/wp-content\/uploads\/2025\/05\/1000530472-300x200.jpg 300w, https:\/\/lasnoticiasconjoselecota.com\/v1\/wp-content\/uploads\/2025\/05\/1000530472-768x512.jpg 768w, https:\/\/lasnoticiasconjoselecota.com\/v1\/wp-content\/uploads\/2025\/05\/1000530472.jpg 1080w\" sizes=\"auto, (max-width: 1024px) 100vw, 1024px\" \/><\/figure>\n<\/figure>\n","protected":false},"excerpt":{"rendered":"<p>Este s\u00e1bado 3 de mayo contin\u00faa la campa\u00f1a \u201cAma, cuida \u00a1esteriliza!\u201d encabezada por la SEBIDES, SALUD y SEPyC con esterilizaciones gratuitas en el Polideportivo Juan S. Mill\u00e1n desde temprana hora.&hellip; <\/p>\n","protected":false},"author":3,"featured_media":16617,"comment_status":"open","ping_status":"closed","sticky":false,"template":"","format":"standard","meta":{"footnotes":""},"categories":[15],"tags":[],"class_list":["post-16613","post","type-post","status-publish","format-standard","has-post-thumbnail","hentry","category-estatal"],"_links":{"self":[{"href":"https:\/\/lasnoticiasconjoselecota.com\/v1\/wp-json\/wp\/v2\/posts\/16613","targetHints":{"allow":["GET"]}}],"collection":[{"href":"https:\/\/lasnoticiasconjoselecota.com\/v1\/wp-json\/wp\/v2\/posts"}],"about":[{"href":"https:\/\/lasnoticiasconjoselecota.com\/v1\/wp-json\/wp\/v2\/types\/post"}],"author":[{"embeddable":true,"href":"https:\/\/lasnoticiasconjoselecota.com\/v1\/wp-json\/wp\/v2\/users\/3"}],"replies":[{"embeddable":true,"href":"https:\/\/lasnoticiasconjoselecota.com\/v1\/wp-json\/wp\/v2\/comments?post=16613"}],"version-history":[{"count":1,"href":"https:\/\/lasnoticiasconjoselecota.com\/v1\/wp-json\/wp\/v2\/posts\/16613\/revisions"}],"predecessor-version":[{"id":16618,"href":"https:\/\/lasnoticiasconjoselecota.com\/v1\/wp-json\/wp\/v2\/posts\/16613\/revisions\/16618"}],"wp:featuredmedia":[{"embeddable":true,"href":"https:\/\/lasnoticiasconjoselecota.com\/v1\/wp-json\/wp\/v2\/media\/16617"}],"wp:attachment":[{"href":"https:\/\/lasnoticiasconjoselecota.com\/v1\/wp-json\/wp\/v2\/media?parent=16613"}],"wp:term":[{"taxonomy":"category","embeddable":true,"href":"https:\/\/lasnoticiasconjoselecota.com\/v1\/wp-json\/wp\/v2\/categories?post=16613"},{"taxonomy":"post_tag","embeddable":true,"href":"https:\/\/lasnoticiasconjoselecota.com\/v1\/wp-json\/wp\/v2\/tags?post=16613"}],"curies":[{"name":"wp","href":"https:\/\/api.w.org\/{rel}","templated":true}]}}