{"id":16622,"date":"2025-05-03T15:45:31","date_gmt":"2025-05-03T22:45:31","guid":{"rendered":"https:\/\/lasnoticiasconjoselecota.com\/v1\/?p=16622"},"modified":"2025-05-03T15:45:32","modified_gmt":"2025-05-03T22:45:32","slug":"el-gobernador-ruben-rocha-moya-respalda-la-primera-edicion-de-la-expo-feria-ganadera-guamuchil-2025","status":"publish","type":"post","link":"https:\/\/lasnoticiasconjoselecota.com\/v1\/locales\/el-gobernador-ruben-rocha-moya-respalda-la-primera-edicion-de-la-expo-feria-ganadera-guamuchil-2025\/","title":{"rendered":"El gobernador Rub\u00e9n Rocha Moya respalda la primera edici\u00f3n de la Expo Feria Ganadera Guam\u00fachil 2025"},"content":{"rendered":"\n<p>La presidenta municipal, Lupita L\u00f3pez Gonz\u00e1lez, agradeci\u00f3 el apoyo del gobernador y se dijo dispuesta a seguir impulsando proyectos que beneficien a los sectores primarios del municipio y que ofrezcan al pueblo opciones de sano entretenimiento<\/p>\n\n\n\n<p>Guam\u00fachil, Sinaloa; a 03 de mayo del 2025.\u2013 Con entusiasmo y compromiso con el desarrollo econ\u00f3mico y social de Salvador Alvarado, el gobernador del estado de Sinaloa, Rub\u00e9n Rocha Moya, respald\u00f3 la gran primera edici\u00f3n de la Expo Feria Ganadera Guam\u00fachil 2025, al realizar un recorrido por los stands comerciales y la muestra de sementales.<\/p>\n\n\n\n<p>Durante su visita, el mandatario estatal felicit\u00f3 a la presidenta municipal, Lupita L\u00f3pez Gonz\u00e1lez, por impulsar este tipo de eventos que no solo fortalecen al sector primario, sino que tambi\u00e9n generan una importante derrama econ\u00f3mica para el municipio y ofrecen espacios de sano entretenimiento para la poblaci\u00f3n.<\/p>\n\n\n\n<p>\u201cEl gobierno estatal ofrece su respaldo total a estas iniciativas que impulsan el desarrollo local y fortalecen nuestras ra\u00edces productivas\u201d, expres\u00f3 Rocha Moya.<\/p>\n\n\n\n<p>Por su parte, la presidenta municipal, Lupita L\u00f3pez, agradeci\u00f3 profundamente al gobernador por su visita y por su constante apoyo: \u201cContar con un aliado como Rub\u00e9n Rocha Moya es fundamental para seguir construyendo un Salvador Alvarado m\u00e1s pr\u00f3spero y unido\u201d.<\/p>\n\n\n\n<p>La Expo Feria Ganadera Guam\u00fachil 2025 marca un parteaguas en la promoci\u00f3n del campo sinaloense y promete consolidarse como un evento emblem\u00e1tico no solo en Salvador Alvarado, sino en toda la regi\u00f3n del \u00c9vora y de Sinaloa.<\/p>\n\n\n\n<figure class=\"wp-block-gallery has-nested-images columns-default is-cropped wp-block-gallery-2 is-layout-flex wp-block-gallery-is-layout-flex\">\n<figure class=\"wp-block-image size-large\"><img loading=\"lazy\" decoding=\"async\" width=\"1024\" height=\"682\" data-id=\"16626\" src=\"https:\/\/lasnoticiasconjoselecota.com\/v1\/wp-content\/uploads\/2025\/05\/1000530679-1024x682.jpg\" alt=\"\" class=\"wp-image-16626\" srcset=\"https:\/\/lasnoticiasconjoselecota.com\/v1\/wp-content\/uploads\/2025\/05\/1000530679-1024x682.jpg 1024w, https:\/\/lasnoticiasconjoselecota.com\/v1\/wp-content\/uploads\/2025\/05\/1000530679-300x200.jpg 300w, https:\/\/lasnoticiasconjoselecota.com\/v1\/wp-content\/uploads\/2025\/05\/1000530679-768x512.jpg 768w, https:\/\/lasnoticiasconjoselecota.com\/v1\/wp-content\/uploads\/2025\/05\/1000530679-1536x1023.jpg 1536w, https:\/\/lasnoticiasconjoselecota.com\/v1\/wp-content\/uploads\/2025\/05\/1000530679.jpg 1600w\" sizes=\"auto, (max-width: 1024px) 100vw, 1024px\" \/><\/figure>\n\n\n\n<figure class=\"wp-block-image size-large\"><img loading=\"lazy\" decoding=\"async\" width=\"1024\" height=\"683\" data-id=\"16623\" src=\"https:\/\/lasnoticiasconjoselecota.com\/v1\/wp-content\/uploads\/2025\/05\/1000530680-1024x683.jpg\" alt=\"\" class=\"wp-image-16623\" srcset=\"https:\/\/lasnoticiasconjoselecota.com\/v1\/wp-content\/uploads\/2025\/05\/1000530680-1024x683.jpg 1024w, https:\/\/lasnoticiasconjoselecota.com\/v1\/wp-content\/uploads\/2025\/05\/1000530680-300x200.jpg 300w, https:\/\/lasnoticiasconjoselecota.com\/v1\/wp-content\/uploads\/2025\/05\/1000530680-768x512.jpg 768w, https:\/\/lasnoticiasconjoselecota.com\/v1\/wp-content\/uploads\/2025\/05\/1000530680.jpg 1280w\" sizes=\"auto, (max-width: 1024px) 100vw, 1024px\" \/><\/figure>\n\n\n\n<figure class=\"wp-block-image size-large\"><img loading=\"lazy\" decoding=\"async\" width=\"1024\" height=\"683\" data-id=\"16624\" src=\"https:\/\/lasnoticiasconjoselecota.com\/v1\/wp-content\/uploads\/2025\/05\/1000530681-1024x683.jpg\" alt=\"\" class=\"wp-image-16624\" srcset=\"https:\/\/lasnoticiasconjoselecota.com\/v1\/wp-content\/uploads\/2025\/05\/1000530681-1024x683.jpg 1024w, https:\/\/lasnoticiasconjoselecota.com\/v1\/wp-content\/uploads\/2025\/05\/1000530681-300x200.jpg 300w, https:\/\/lasnoticiasconjoselecota.com\/v1\/wp-content\/uploads\/2025\/05\/1000530681-768x512.jpg 768w, https:\/\/lasnoticiasconjoselecota.com\/v1\/wp-content\/uploads\/2025\/05\/1000530681.jpg 1280w\" sizes=\"auto, (max-width: 1024px) 100vw, 1024px\" \/><\/figure>\n\n\n\n<figure class=\"wp-block-image size-large\"><img loading=\"lazy\" decoding=\"async\" width=\"1024\" height=\"683\" data-id=\"16625\" src=\"https:\/\/lasnoticiasconjoselecota.com\/v1\/wp-content\/uploads\/2025\/05\/1000530673-1024x683.jpg\" alt=\"\" class=\"wp-image-16625\" srcset=\"https:\/\/lasnoticiasconjoselecota.com\/v1\/wp-content\/uploads\/2025\/05\/1000530673-1024x683.jpg 1024w, https:\/\/lasnoticiasconjoselecota.com\/v1\/wp-content\/uploads\/2025\/05\/1000530673-300x200.jpg 300w, https:\/\/lasnoticiasconjoselecota.com\/v1\/wp-content\/uploads\/2025\/05\/1000530673-768x512.jpg 768w, https:\/\/lasnoticiasconjoselecota.com\/v1\/wp-content\/uploads\/2025\/05\/1000530673.jpg 1500w\" sizes=\"auto, (max-width: 1024px) 100vw, 1024px\" \/><\/figure>\n<\/figure>\n","protected":false},"excerpt":{"rendered":"<p>La presidenta municipal, Lupita L\u00f3pez Gonz\u00e1lez, agradeci\u00f3 el apoyo del gobernador y se dijo dispuesta a seguir impulsando proyectos que beneficien a los sectores primarios del municipio y que ofrezcan&hellip; <\/p>\n","protected":false},"author":3,"featured_media":16627,"comment_status":"open","ping_status":"closed","sticky":false,"template":"","format":"standard","meta":{"footnotes":""},"categories":[3],"tags":[],"class_list":["post-16622","post","type-post","status-publish","format-standard","has-post-thumbnail","hentry","category-locales"],"_links":{"self":[{"href":"https:\/\/lasnoticiasconjoselecota.com\/v1\/wp-json\/wp\/v2\/posts\/16622","targetHints":{"allow":["GET"]}}],"collection":[{"href":"https:\/\/lasnoticiasconjoselecota.com\/v1\/wp-json\/wp\/v2\/posts"}],"about":[{"href":"https:\/\/lasnoticiasconjoselecota.com\/v1\/wp-json\/wp\/v2\/types\/post"}],"author":[{"embeddable":true,"href":"https:\/\/lasnoticiasconjoselecota.com\/v1\/wp-json\/wp\/v2\/users\/3"}],"replies":[{"embeddable":true,"href":"https:\/\/lasnoticiasconjoselecota.com\/v1\/wp-json\/wp\/v2\/comments?post=16622"}],"version-history":[{"count":1,"href":"https:\/\/lasnoticiasconjoselecota.com\/v1\/wp-json\/wp\/v2\/posts\/16622\/revisions"}],"predecessor-version":[{"id":16628,"href":"https:\/\/lasnoticiasconjoselecota.com\/v1\/wp-json\/wp\/v2\/posts\/16622\/revisions\/16628"}],"wp:featuredmedia":[{"embeddable":true,"href":"https:\/\/lasnoticiasconjoselecota.com\/v1\/wp-json\/wp\/v2\/media\/16627"}],"wp:attachment":[{"href":"https:\/\/lasnoticiasconjoselecota.com\/v1\/wp-json\/wp\/v2\/media?parent=16622"}],"wp:term":[{"taxonomy":"category","embeddable":true,"href":"https:\/\/lasnoticiasconjoselecota.com\/v1\/wp-json\/wp\/v2\/categories?post=16622"},{"taxonomy":"post_tag","embeddable":true,"href":"https:\/\/lasnoticiasconjoselecota.com\/v1\/wp-json\/wp\/v2\/tags?post=16622"}],"curies":[{"name":"wp","href":"https:\/\/api.w.org\/{rel}","templated":true}]}}