{"id":22933,"date":"2025-10-13T11:12:22","date_gmt":"2025-10-13T18:12:22","guid":{"rendered":"https:\/\/lasnoticiasconjoselecota.com\/v1\/?p=22933"},"modified":"2025-10-13T11:12:23","modified_gmt":"2025-10-13T18:12:23","slug":"realizan-el-programa-lunes-civico-en-la-cofradia-de-soto","status":"publish","type":"post","link":"https:\/\/lasnoticiasconjoselecota.com\/v1\/mocorito\/realizan-el-programa-lunes-civico-en-la-cofradia-de-soto\/","title":{"rendered":"Realizan el programa Lunes C\u00edvico en La Cofrad\u00eda de Soto"},"content":{"rendered":"\n<p><em>La educaci\u00f3n es el motor formador e integrador de la sociedad: Parra Melecio.<\/em><\/p>\n\n\n\n<p><em>La Cofrad\u00eda de Soto, Mocorito, a 13 de octubre de 2025.-<\/em> Al encabezar el programa Lunes C\u00edvico en la Telesecundaria Federalizada #339, el alcalde Enrique Parra Melecio, asegur\u00f3 que la educaci\u00f3n es el motor formador e integrador de la sociedad; por ello, exhort\u00f3 a los estudiantes a redoblar esfuerzos para forjar un futuro mejor.<\/p>\n\n\n\n<p>Luego de hacer los respectivos honores a la bandera, el Presidente Municipal se comprometi\u00f3 a construir el piso de la cancha de este plantel educativo y reiter\u00f3 que en la pr\u00f3xima matriz de inversi\u00f3n que se autorizar\u00e1 entre febrero o marzo del 2026, se va incluir esta obra.<\/p>\n\n\n\n<p>\u201cVamos a hacer el piso de la techumbre de esta telesecundaria, lo vamos a hacer ese es el compromiso. Cuando se presentan problemas de las escuelas hacemos todo el prop\u00f3sito de cumplir, por ahora vamos a hacer la gesti\u00f3n de pintura\u201d, afirm\u00f3.<\/p>\n\n\n\n<p>Parra Melecio motiv\u00f3 a los alumnos a seguir esforz\u00e1ndose en sus estudios, porque es la mejor manera de que puedan tener un futuro de resultados positivos y de agradecer el esfuerzo que realizan diariamente los padres de familia.<\/p>\n\n\n\n<p>\u201cUstedes est\u00e1n en un sistema educativo que cuenta con muy buenos procedimientos de trabajo, el modelo educativo que ustedes aplican viene a ser un proceso de ense\u00f1anza aprendizaje avanzado porque las telesecundarias funcionan a trav\u00e9s de la investigaci\u00f3n\u201d, describi\u00f3.<\/p>\n\n\n\n<p>En el evento estuvieron presentes autoridades municipales y docentes, quienes coincidieron en la importancia de seguir impulsando espacios de aprendizaje que fomenten la disciplina, el respeto y el amor por la educaci\u00f3n.<\/p>\n\n\n\n<figure class=\"wp-block-gallery has-nested-images columns-default is-cropped wp-block-gallery-2 is-layout-flex wp-block-gallery-is-layout-flex\">\n<figure class=\"wp-block-image size-large\"><img loading=\"lazy\" decoding=\"async\" width=\"1024\" height=\"683\" data-id=\"22934\" src=\"https:\/\/lasnoticiasconjoselecota.com\/v1\/wp-content\/uploads\/2025\/10\/1000764091-1024x683.jpg\" alt=\"\" class=\"wp-image-22934\" srcset=\"https:\/\/lasnoticiasconjoselecota.com\/v1\/wp-content\/uploads\/2025\/10\/1000764091-1024x683.jpg 1024w, https:\/\/lasnoticiasconjoselecota.com\/v1\/wp-content\/uploads\/2025\/10\/1000764091-300x200.jpg 300w, https:\/\/lasnoticiasconjoselecota.com\/v1\/wp-content\/uploads\/2025\/10\/1000764091-768x512.jpg 768w, https:\/\/lasnoticiasconjoselecota.com\/v1\/wp-content\/uploads\/2025\/10\/1000764091.jpg 1280w\" sizes=\"auto, (max-width: 1024px) 100vw, 1024px\" \/><\/figure>\n\n\n\n<figure class=\"wp-block-image size-large\"><img loading=\"lazy\" decoding=\"async\" width=\"1024\" height=\"683\" data-id=\"22936\" src=\"https:\/\/lasnoticiasconjoselecota.com\/v1\/wp-content\/uploads\/2025\/10\/1000764089-1024x683.jpg\" alt=\"\" class=\"wp-image-22936\" srcset=\"https:\/\/lasnoticiasconjoselecota.com\/v1\/wp-content\/uploads\/2025\/10\/1000764089-1024x683.jpg 1024w, https:\/\/lasnoticiasconjoselecota.com\/v1\/wp-content\/uploads\/2025\/10\/1000764089-300x200.jpg 300w, https:\/\/lasnoticiasconjoselecota.com\/v1\/wp-content\/uploads\/2025\/10\/1000764089-768x512.jpg 768w, https:\/\/lasnoticiasconjoselecota.com\/v1\/wp-content\/uploads\/2025\/10\/1000764089.jpg 1280w\" sizes=\"auto, (max-width: 1024px) 100vw, 1024px\" \/><\/figure>\n\n\n\n<figure class=\"wp-block-image size-large\"><img loading=\"lazy\" decoding=\"async\" width=\"1024\" height=\"683\" data-id=\"22935\" src=\"https:\/\/lasnoticiasconjoselecota.com\/v1\/wp-content\/uploads\/2025\/10\/1000764090-1024x683.jpg\" alt=\"\" class=\"wp-image-22935\" srcset=\"https:\/\/lasnoticiasconjoselecota.com\/v1\/wp-content\/uploads\/2025\/10\/1000764090-1024x683.jpg 1024w, https:\/\/lasnoticiasconjoselecota.com\/v1\/wp-content\/uploads\/2025\/10\/1000764090-300x200.jpg 300w, https:\/\/lasnoticiasconjoselecota.com\/v1\/wp-content\/uploads\/2025\/10\/1000764090-768x512.jpg 768w, https:\/\/lasnoticiasconjoselecota.com\/v1\/wp-content\/uploads\/2025\/10\/1000764090.jpg 1280w\" sizes=\"auto, (max-width: 1024px) 100vw, 1024px\" \/><\/figure>\n<\/figure>\n","protected":false},"excerpt":{"rendered":"<p>La educaci\u00f3n es el motor formador e integrador de la sociedad: Parra Melecio. La Cofrad\u00eda de Soto, Mocorito, a 13 de octubre de 2025.- Al encabezar el programa Lunes C\u00edvico&hellip; <\/p>\n","protected":false},"author":3,"featured_media":22937,"comment_status":"open","ping_status":"closed","sticky":false,"template":"","format":"standard","meta":{"footnotes":""},"categories":[27],"tags":[],"class_list":["post-22933","post","type-post","status-publish","format-standard","has-post-thumbnail","hentry","category-mocorito"],"_links":{"self":[{"href":"https:\/\/lasnoticiasconjoselecota.com\/v1\/wp-json\/wp\/v2\/posts\/22933","targetHints":{"allow":["GET"]}}],"collection":[{"href":"https:\/\/lasnoticiasconjoselecota.com\/v1\/wp-json\/wp\/v2\/posts"}],"about":[{"href":"https:\/\/lasnoticiasconjoselecota.com\/v1\/wp-json\/wp\/v2\/types\/post"}],"author":[{"embeddable":true,"href":"https:\/\/lasnoticiasconjoselecota.com\/v1\/wp-json\/wp\/v2\/users\/3"}],"replies":[{"embeddable":true,"href":"https:\/\/lasnoticiasconjoselecota.com\/v1\/wp-json\/wp\/v2\/comments?post=22933"}],"version-history":[{"count":1,"href":"https:\/\/lasnoticiasconjoselecota.com\/v1\/wp-json\/wp\/v2\/posts\/22933\/revisions"}],"predecessor-version":[{"id":22938,"href":"https:\/\/lasnoticiasconjoselecota.com\/v1\/wp-json\/wp\/v2\/posts\/22933\/revisions\/22938"}],"wp:featuredmedia":[{"embeddable":true,"href":"https:\/\/lasnoticiasconjoselecota.com\/v1\/wp-json\/wp\/v2\/media\/22937"}],"wp:attachment":[{"href":"https:\/\/lasnoticiasconjoselecota.com\/v1\/wp-json\/wp\/v2\/media?parent=22933"}],"wp:term":[{"taxonomy":"category","embeddable":true,"href":"https:\/\/lasnoticiasconjoselecota.com\/v1\/wp-json\/wp\/v2\/categories?post=22933"},{"taxonomy":"post_tag","embeddable":true,"href":"https:\/\/lasnoticiasconjoselecota.com\/v1\/wp-json\/wp\/v2\/tags?post=22933"}],"curies":[{"name":"wp","href":"https:\/\/api.w.org\/{rel}","templated":true}]}}