{"id":33451,"date":"2026-04-25T17:02:01","date_gmt":"2026-04-26T00:02:01","guid":{"rendered":"https:\/\/lasnoticiasconjoselecota.com\/v1\/?p=33451"},"modified":"2026-04-25T17:02:03","modified_gmt":"2026-04-26T00:02:03","slug":"%f0%9f%8e%89-la-ssp-sinaloa-celebra-el-dia-de-la-ninez-con-jornada-recreativa-juegos-y-convivencia-familiar","status":"publish","type":"post","link":"https:\/\/lasnoticiasconjoselecota.com\/v1\/estatal\/%f0%9f%8e%89-la-ssp-sinaloa-celebra-el-dia-de-la-ninez-con-jornada-recreativa-juegos-y-convivencia-familiar\/","title":{"rendered":"\ud83c\udf89 La SSP Sinaloa celebra el D\u00eda de la Ni\u00f1ez con jornada recreativa, juegos y convivencia familiar"},"content":{"rendered":"\n<p>En la Universidad de la Polic\u00eda, la Secretar\u00eda de Seguridad P\u00fablica del Estado de Sinaloa realiz\u00f3 el festejo del D\u00eda de la Ni\u00f1ez para hijas e hijos del personal administrativo y policial.<\/p>\n\n\n\n<p>El objetivo fue fortalecer la cercan\u00eda entre el personal de la Secretar\u00eda, promoviendo entornos de confianza, paz y convivencia.<\/p>\n\n\n\n<p>Ni\u00f1as y ni\u00f1os disfrutaron de juegos mec\u00e1nicos infantiles, \u00e1reas de pintura, inflables, din\u00e1micas recreativas y la tradicional pi\u00f1ata. Tambi\u00e9n hubo rifas de bicicletas y patinetas que generaron gran entusiasmo.<\/p>\n\n\n\n<p>El secretario de Seguridad P\u00fablica, Sinhu\u00e9 T\u00e9llez L\u00f3pez, agradeci\u00f3 la presencia de las familias e invit\u00f3 a seguir disfrutando del evento, como reconocimiento al esfuerzo y dedicaci\u00f3n de madres y padres que d\u00eda a d\u00eda se refleja en sus hogares.<\/p>\n\n\n\n<p>Acompa\u00f1aron el Gral. Humberto Zer\u00f3n Mart\u00ednez, el Coronel Jes\u00fas Felipe Ju\u00e1rez Pati\u00f1o, Guadalupe C\u00e1zares Gallegos y Daniel Guti\u00e9rrez Moore, representante de la fundaci\u00f3n GS1 Holding.<\/p>\n\n\n\n<p>Particip\u00f3 personal de la SSP Sinaloa y de la SSP Municipal de Culiac\u00e1n, quienes se encargaron de las actividades y la seguridad del evento.<\/p>\n\n\n\n<p>Con estas acciones, la Secretar\u00eda refrenda su compromiso de impulsar actividades que fortalezcan el tejido social y contribuyan al desarrollo integral de la ni\u00f1ez sinaloense.<\/p>\n\n\n\n<h1 class=\"wp-block-heading\">D\u00edaDeLaNi\u00f1ez #SSPSinaloa #ConvivenciaFamiliar #Culiac\u00e1n #Sinaloa<\/h1>\n","protected":false},"excerpt":{"rendered":"<p>En la Universidad de la Polic\u00eda, la Secretar\u00eda de Seguridad P\u00fablica del Estado de Sinaloa realiz\u00f3 el festejo del D\u00eda de la Ni\u00f1ez para hijas e hijos del personal administrativo&hellip; <\/p>\n","protected":false},"author":3,"featured_media":33452,"comment_status":"open","ping_status":"closed","sticky":false,"template":"","format":"standard","meta":{"footnotes":""},"categories":[15],"tags":[],"class_list":["post-33451","post","type-post","status-publish","format-standard","has-post-thumbnail","hentry","category-estatal"],"_links":{"self":[{"href":"https:\/\/lasnoticiasconjoselecota.com\/v1\/wp-json\/wp\/v2\/posts\/33451","targetHints":{"allow":["GET"]}}],"collection":[{"href":"https:\/\/lasnoticiasconjoselecota.com\/v1\/wp-json\/wp\/v2\/posts"}],"about":[{"href":"https:\/\/lasnoticiasconjoselecota.com\/v1\/wp-json\/wp\/v2\/types\/post"}],"author":[{"embeddable":true,"href":"https:\/\/lasnoticiasconjoselecota.com\/v1\/wp-json\/wp\/v2\/users\/3"}],"replies":[{"embeddable":true,"href":"https:\/\/lasnoticiasconjoselecota.com\/v1\/wp-json\/wp\/v2\/comments?post=33451"}],"version-history":[{"count":1,"href":"https:\/\/lasnoticiasconjoselecota.com\/v1\/wp-json\/wp\/v2\/posts\/33451\/revisions"}],"predecessor-version":[{"id":33453,"href":"https:\/\/lasnoticiasconjoselecota.com\/v1\/wp-json\/wp\/v2\/posts\/33451\/revisions\/33453"}],"wp:featuredmedia":[{"embeddable":true,"href":"https:\/\/lasnoticiasconjoselecota.com\/v1\/wp-json\/wp\/v2\/media\/33452"}],"wp:attachment":[{"href":"https:\/\/lasnoticiasconjoselecota.com\/v1\/wp-json\/wp\/v2\/media?parent=33451"}],"wp:term":[{"taxonomy":"category","embeddable":true,"href":"https:\/\/lasnoticiasconjoselecota.com\/v1\/wp-json\/wp\/v2\/categories?post=33451"},{"taxonomy":"post_tag","embeddable":true,"href":"https:\/\/lasnoticiasconjoselecota.com\/v1\/wp-json\/wp\/v2\/tags?post=33451"}],"curies":[{"name":"wp","href":"https:\/\/api.w.org\/{rel}","templated":true}]}}