{"id":33461,"date":"2026-04-26T16:13:58","date_gmt":"2026-04-26T23:13:58","guid":{"rendered":"https:\/\/lasnoticiasconjoselecota.com\/v1\/?p=33461"},"modified":"2026-04-26T16:13:59","modified_gmt":"2026-04-26T23:13:59","slug":"secretaria-de-turismo-de-sinaloa-57","status":"publish","type":"post","link":"https:\/\/lasnoticiasconjoselecota.com\/v1\/turismo\/secretaria-de-turismo-de-sinaloa-57\/","title":{"rendered":"Secretaria de Turismo de Sinaloa"},"content":{"rendered":"\n<p><em>Participa Sinaloa en la Conferencia Nacional de Secretarios de Turismo y Funcionarios Tur\u00edsticos y en la 68 Asamblea General Ordinaria de ASETUR<\/em><\/p>\n\n\n\n<p><em>El estado reafirma su compromiso con un turismo que genere bienestar, prosperidad compartida y proteja la identidad local<\/em><\/p>\n\n\n\n<p>Acapulco, Guerrero, 26 de abril de 2026.- En v\u00edsperas del arranque del Tianguis Tur\u00edstico 2026, que tendr\u00e1 lugar en Acapulco del 27 al 30 de abril, se llev\u00f3 a cabo la Conferencia Nacional de Secretarios de Turismo y Funcionarios Tur\u00edsticos, m\u00e1ximo \u00f3rgano de coordinaci\u00f3n para la planeaci\u00f3n y ejecuci\u00f3n de estrategias tur\u00edsticas en M\u00e9xico.<\/p>\n\n\n\n<p>El evento estuvo encabezado por la secretaria de Turismo de M\u00e9xico, Josefina Rodr\u00edguez Zamora, acompa\u00f1ada por autoridades federales y estatales, entre ellos Miguel Agu\u00ed\u00f1iga Rodr\u00edguez, titular de la Unidad de Innovaci\u00f3n, Sustentabilidad y Profesionalizaci\u00f3n Tur\u00edstica; Nathalie Desplas, subsecretaria de Turismo de M\u00e9xico; Sim\u00f3n Qui\u00f1ones, secretario de Turismo de Guerrero y Bernardo Cueto Riestra, presidente de la Asociaci\u00f3n de Secretarios de Turismo de M\u00e9xico (ASETUR).<\/p>\n\n\n\n<p>En representaci\u00f3n de Sinaloa, asisti\u00f3 la secretaria de Turismo estatal, Mireya Sosa Osuna, quien destac\u00f3 la relevancia de este espacio para alinear la pol\u00edtica p\u00fablica con los objetivos de desarrollo local.<\/p>\n\n\n\n<p>\u201cSer parte de la Primera Conferencia Nacional de Secretarios de Turismo marca un momento clave para fortalecer la coordinaci\u00f3n entre estados y consolidar una visi\u00f3n de pa\u00eds. En el marco del Tianguis Tur\u00edstico 2026, desde Sinaloa nos sumamos con responsabilidad a las 10 metas del Plan M\u00e9xico, en concordancia con la visi\u00f3n y directrices de nuestro gobernador, el Dr. Rub\u00e9n Rocha Moya. Seguiremos impulsando una estrategia integral de promoci\u00f3n, competitiva y con sentido de desarrollo para posicionar a Sinaloa en los mercados nacionales e internacionales y as\u00ed juntos llegar a ser el quinto pa\u00eds m\u00e1s visitado del mundo, porque hoy M\u00e9xico est\u00e1 de moda\u00bb, afirm\u00f3 la funcionaria sinaloense.<\/p>\n\n\n\n<p>El objetivo primordial es que el turismo contin\u00fae siendo un motor que genere bienestar y prosperidad compartida para las comunidades, siempre bajo una visi\u00f3n que cuide su identidad y fortalezca el desarrollo integral de cada destino.<\/p>\n\n\n\n<p>\u201cAgradecidos siempre con el liderazgo de nuestra Secretaria de Turismo del Gobierno de M\u00e9xico, Josefina Rodr\u00edguez Zamora, quien pone alma, coraz\u00f3n y conocimiento en posicionar a nuestro pa\u00eds como una potencia tur\u00edstica mundial\u201d, enfatiz\u00f3 Sosa Osuna.<\/p>\n\n\n\n<p>Durante la sesi\u00f3n de trabajo, los participantes abordaron ejes estrat\u00e9gicos para el fortalecimiento de la agenda nacional, destacando el impulso al turismo deportivo; la mejora en la conectividad a\u00e9rea a nivel nacional e internacional; la protecci\u00f3n y preservaci\u00f3n de la identidad de las comunidades mexicanas y una estrategia integral de promoci\u00f3n tur\u00edstica.<\/p>\n\n\n\n<p>La Conferencia Nacional, que trabaja en estrecha colaboraci\u00f3n con ASETUR, funciona como una plataforma esencial para coordinar los tres \u00f3rdenes de gobierno (federal, estatal y municipal) y el sector privado.<\/p>\n\n\n\n<p>Actualmente, el \u00f3rgano ha centrado sus esfuerzos en promover un modelo de gesti\u00f3n basado en el turismo comunitario y sostenible, con el fin de asegurar el ordenamiento, la promoci\u00f3n y el posicionamiento de M\u00e9xico como un referente tur\u00edstico mundial.<\/p>\n\n\n\n<p>Posterior a la conferencia se llev\u00f3 a cabo la 68 Asamblea General Ordinaria de ASETUR, el \u00f3rgano m\u00e1ximo de reuni\u00f3n de las secretarias y secretarios de Turismo de M\u00e9xico, donde los titulares de las 32 entidades del pa\u00eds coordinaron estrategias con el objetivo de hacer del turismo una prioridad para M\u00e9xico.<\/p>\n\n\n\n<p>Entre los puntos clave de este encuentro destacan el turismo comunitario, buscando establecer una ruta com\u00fan que ponga a las comunidades y a los habitantes en el centro del desarrollo tur\u00edstico; as\u00ed como la coordinaci\u00f3n directa con el Gobierno de M\u00e9xico para consolidar al sector como herramienta de bienestar y desarrollo econ\u00f3mico.<\/p>\n","protected":false},"excerpt":{"rendered":"<p>Participa Sinaloa en la Conferencia Nacional de Secretarios de Turismo y Funcionarios Tur\u00edsticos y en la 68 Asamblea General Ordinaria de ASETUR El estado reafirma su compromiso con un turismo&hellip; <\/p>\n","protected":false},"author":3,"featured_media":33462,"comment_status":"open","ping_status":"closed","sticky":false,"template":"","format":"standard","meta":{"footnotes":""},"categories":[30],"tags":[],"class_list":["post-33461","post","type-post","status-publish","format-standard","has-post-thumbnail","hentry","category-turismo"],"_links":{"self":[{"href":"https:\/\/lasnoticiasconjoselecota.com\/v1\/wp-json\/wp\/v2\/posts\/33461","targetHints":{"allow":["GET"]}}],"collection":[{"href":"https:\/\/lasnoticiasconjoselecota.com\/v1\/wp-json\/wp\/v2\/posts"}],"about":[{"href":"https:\/\/lasnoticiasconjoselecota.com\/v1\/wp-json\/wp\/v2\/types\/post"}],"author":[{"embeddable":true,"href":"https:\/\/lasnoticiasconjoselecota.com\/v1\/wp-json\/wp\/v2\/users\/3"}],"replies":[{"embeddable":true,"href":"https:\/\/lasnoticiasconjoselecota.com\/v1\/wp-json\/wp\/v2\/comments?post=33461"}],"version-history":[{"count":1,"href":"https:\/\/lasnoticiasconjoselecota.com\/v1\/wp-json\/wp\/v2\/posts\/33461\/revisions"}],"predecessor-version":[{"id":33463,"href":"https:\/\/lasnoticiasconjoselecota.com\/v1\/wp-json\/wp\/v2\/posts\/33461\/revisions\/33463"}],"wp:featuredmedia":[{"embeddable":true,"href":"https:\/\/lasnoticiasconjoselecota.com\/v1\/wp-json\/wp\/v2\/media\/33462"}],"wp:attachment":[{"href":"https:\/\/lasnoticiasconjoselecota.com\/v1\/wp-json\/wp\/v2\/media?parent=33461"}],"wp:term":[{"taxonomy":"category","embeddable":true,"href":"https:\/\/lasnoticiasconjoselecota.com\/v1\/wp-json\/wp\/v2\/categories?post=33461"},{"taxonomy":"post_tag","embeddable":true,"href":"https:\/\/lasnoticiasconjoselecota.com\/v1\/wp-json\/wp\/v2\/tags?post=33461"}],"curies":[{"name":"wp","href":"https:\/\/api.w.org\/{rel}","templated":true}]}}