{"id":33464,"date":"2026-04-26T16:19:36","date_gmt":"2026-04-26T23:19:36","guid":{"rendered":"https:\/\/lasnoticiasconjoselecota.com\/v1\/?p=33464"},"modified":"2026-04-26T16:19:37","modified_gmt":"2026-04-26T23:19:37","slug":"la-transformacion-debe-llegar-a-todo-sinaloa-tere-guerra","status":"publish","type":"post","link":"https:\/\/lasnoticiasconjoselecota.com\/v1\/politica\/la-transformacion-debe-llegar-a-todo-sinaloa-tere-guerra\/","title":{"rendered":"La transformaci\u00f3n debe llegar a todo Sinaloa: Tere Guerra"},"content":{"rendered":"\n<p><em>Los Di\u00e1logos Ciudadanos por la transformaci\u00f3n llegan a la sindicatura de El Salado<\/em><\/p>\n\n\n\n<p><em>El Salado, Culiac\u00e1n, Sinaloa, 26 de abril de 2026<\/em>. Con un enfoque centrado en el trabajo en territorio y la atenci\u00f3n directa a las necesidades de la poblaci\u00f3n, la diputada Tere Guerra Ochoa llev\u00f3 sus \u201cDi\u00e1logos Ciudadanos y Legislativos\u201d a la sindicatura de El Salado, donde reafirm\u00f3 el compromiso de las y los diputados del Congreso del Estado de Sinaloa de acercar la funci\u00f3n p\u00fablica a las comunidades y atender de manera directa sus demandas.<\/p>\n\n\n\n<p>Durante el encuentro, la presidenta de la Junta de Coordinaci\u00f3n Pol\u00edtica subray\u00f3 que la transformaci\u00f3n no puede quedarse en el discurso ni concentrarse en las zonas urbanas, sino traducirse en soluciones concretas para las comunidades que hist\u00f3ricamente han enfrentado rezagos. \u201cLa transformaci\u00f3n debe llegar a todos los rincones de Sinaloa, y eso solo se logra escuchando a la gente y atendiendo de frente sus necesidades\u201d, expres\u00f3.<\/p>\n\n\n\n<p>En el di\u00e1logo abierto, vecinas y vecinos expusieron diversas problem\u00e1ticas de las comunidades rurales, evidenciando un diagn\u00f3stico que se repite en distintas regiones del estado y que exige fortalecer la gesti\u00f3n p\u00fablica desde todos los niveles de gobierno.<\/p>\n\n\n\n<p>Guerra Ochoa destac\u00f3 que estos encuentros permiten no solo escuchar, sino tambi\u00e9n construir rutas de soluci\u00f3n desde el \u00e1mbito legislativo y de gesti\u00f3n, en coordinaci\u00f3n con autoridades municipales y estatales.<\/p>\n\n\n\n<p>\u201cNo venimos solo a escuchar, venimos a comprometernos y a gestionar para que las soluciones lleguen a cada comunidad\u201d, puntualiz\u00f3.<\/p>\n\n\n\n<p>En ese sentido, reiter\u00f3 que desde el Congreso del Estado se impulsa una agenda orientada a reducir desigualdades, fortalecer los servicios p\u00fablicos y garantizar que los recursos lleguen a donde m\u00e1s se necesitan, en concordancia con los principios de la Cuarta Transformaci\u00f3n. Asimismo, enfatiz\u00f3 que el contacto directo con la ciudadan\u00eda es fundamental para construir pol\u00edticas p\u00fablicas m\u00e1s sensibles y eficaces, refrendando su compromiso de dar seguimiento puntual a las solicitudes planteadas.<\/p>\n\n\n\n<figure class=\"wp-block-gallery has-nested-images columns-default is-cropped wp-block-gallery-2 is-layout-flex wp-block-gallery-is-layout-flex\">\n<figure class=\"wp-block-image size-large\"><img loading=\"lazy\" decoding=\"async\" width=\"1024\" height=\"685\" data-id=\"33467\" src=\"https:\/\/lasnoticiasconjoselecota.com\/v1\/wp-content\/uploads\/2026\/04\/1001097736-1024x685.jpg\" alt=\"\" class=\"wp-image-33467\" srcset=\"https:\/\/lasnoticiasconjoselecota.com\/v1\/wp-content\/uploads\/2026\/04\/1001097736-1024x685.jpg 1024w, https:\/\/lasnoticiasconjoselecota.com\/v1\/wp-content\/uploads\/2026\/04\/1001097736-300x201.jpg 300w, https:\/\/lasnoticiasconjoselecota.com\/v1\/wp-content\/uploads\/2026\/04\/1001097736-768x514.jpg 768w, https:\/\/lasnoticiasconjoselecota.com\/v1\/wp-content\/uploads\/2026\/04\/1001097736.jpg 1280w\" sizes=\"auto, (max-width: 1024px) 100vw, 1024px\" \/><\/figure>\n\n\n\n<figure class=\"wp-block-image size-large\"><img loading=\"lazy\" decoding=\"async\" width=\"1024\" height=\"685\" data-id=\"33466\" src=\"https:\/\/lasnoticiasconjoselecota.com\/v1\/wp-content\/uploads\/2026\/04\/1001097745-1024x685.jpg\" alt=\"\" class=\"wp-image-33466\" srcset=\"https:\/\/lasnoticiasconjoselecota.com\/v1\/wp-content\/uploads\/2026\/04\/1001097745-1024x685.jpg 1024w, https:\/\/lasnoticiasconjoselecota.com\/v1\/wp-content\/uploads\/2026\/04\/1001097745-300x201.jpg 300w, https:\/\/lasnoticiasconjoselecota.com\/v1\/wp-content\/uploads\/2026\/04\/1001097745-768x514.jpg 768w, https:\/\/lasnoticiasconjoselecota.com\/v1\/wp-content\/uploads\/2026\/04\/1001097745.jpg 1280w\" sizes=\"auto, (max-width: 1024px) 100vw, 1024px\" \/><\/figure>\n\n\n\n<figure class=\"wp-block-image size-large\"><img loading=\"lazy\" decoding=\"async\" width=\"1024\" height=\"685\" data-id=\"33465\" src=\"https:\/\/lasnoticiasconjoselecota.com\/v1\/wp-content\/uploads\/2026\/04\/1001097748-1024x685.jpg\" alt=\"\" class=\"wp-image-33465\" srcset=\"https:\/\/lasnoticiasconjoselecota.com\/v1\/wp-content\/uploads\/2026\/04\/1001097748-1024x685.jpg 1024w, https:\/\/lasnoticiasconjoselecota.com\/v1\/wp-content\/uploads\/2026\/04\/1001097748-300x201.jpg 300w, https:\/\/lasnoticiasconjoselecota.com\/v1\/wp-content\/uploads\/2026\/04\/1001097748-768x514.jpg 768w, https:\/\/lasnoticiasconjoselecota.com\/v1\/wp-content\/uploads\/2026\/04\/1001097748-1536x1027.jpg 1536w, https:\/\/lasnoticiasconjoselecota.com\/v1\/wp-content\/uploads\/2026\/04\/1001097748.jpg 1600w\" sizes=\"auto, (max-width: 1024px) 100vw, 1024px\" \/><\/figure>\n<\/figure>\n","protected":false},"excerpt":{"rendered":"<p>Los Di\u00e1logos Ciudadanos por la transformaci\u00f3n llegan a la sindicatura de El Salado El Salado, Culiac\u00e1n, Sinaloa, 26 de abril de 2026. Con un enfoque centrado en el trabajo en&hellip; <\/p>\n","protected":false},"author":3,"featured_media":33468,"comment_status":"open","ping_status":"closed","sticky":false,"template":"","format":"standard","meta":{"footnotes":""},"categories":[1],"tags":[],"class_list":["post-33464","post","type-post","status-publish","format-standard","has-post-thumbnail","hentry","category-politica"],"_links":{"self":[{"href":"https:\/\/lasnoticiasconjoselecota.com\/v1\/wp-json\/wp\/v2\/posts\/33464","targetHints":{"allow":["GET"]}}],"collection":[{"href":"https:\/\/lasnoticiasconjoselecota.com\/v1\/wp-json\/wp\/v2\/posts"}],"about":[{"href":"https:\/\/lasnoticiasconjoselecota.com\/v1\/wp-json\/wp\/v2\/types\/post"}],"author":[{"embeddable":true,"href":"https:\/\/lasnoticiasconjoselecota.com\/v1\/wp-json\/wp\/v2\/users\/3"}],"replies":[{"embeddable":true,"href":"https:\/\/lasnoticiasconjoselecota.com\/v1\/wp-json\/wp\/v2\/comments?post=33464"}],"version-history":[{"count":1,"href":"https:\/\/lasnoticiasconjoselecota.com\/v1\/wp-json\/wp\/v2\/posts\/33464\/revisions"}],"predecessor-version":[{"id":33469,"href":"https:\/\/lasnoticiasconjoselecota.com\/v1\/wp-json\/wp\/v2\/posts\/33464\/revisions\/33469"}],"wp:featuredmedia":[{"embeddable":true,"href":"https:\/\/lasnoticiasconjoselecota.com\/v1\/wp-json\/wp\/v2\/media\/33468"}],"wp:attachment":[{"href":"https:\/\/lasnoticiasconjoselecota.com\/v1\/wp-json\/wp\/v2\/media?parent=33464"}],"wp:term":[{"taxonomy":"category","embeddable":true,"href":"https:\/\/lasnoticiasconjoselecota.com\/v1\/wp-json\/wp\/v2\/categories?post=33464"},{"taxonomy":"post_tag","embeddable":true,"href":"https:\/\/lasnoticiasconjoselecota.com\/v1\/wp-json\/wp\/v2\/tags?post=33464"}],"curies":[{"name":"wp","href":"https:\/\/api.w.org\/{rel}","templated":true}]}}