{"id":33479,"date":"2026-04-27T12:20:27","date_gmt":"2026-04-27T19:20:27","guid":{"rendered":"https:\/\/lasnoticiasconjoselecota.com\/v1\/?p=33479"},"modified":"2026-04-27T12:20:29","modified_gmt":"2026-04-27T19:20:29","slug":"%f0%9f%aa%aa-sates-informa-avances-en-licencias-permanentes-e-invita-a-aprovechar-el-programa","status":"publish","type":"post","link":"https:\/\/lasnoticiasconjoselecota.com\/v1\/estatal\/%f0%9f%aa%aa-sates-informa-avances-en-licencias-permanentes-e-invita-a-aprovechar-el-programa\/","title":{"rendered":"\ud83e\udeaa SATES informa avances en licencias permanentes e invita a aprovechar el programa"},"content":{"rendered":"\n<p>Al 27 de abril se han expedido 15,600 licencias permanentes en Sinaloa, con una recaudaci\u00f3n aproximada de 36 millones de pesos para las finanzas estatales.<\/p>\n\n\n\n<p>As\u00ed lo inform\u00f3 Jos\u00e9 Carlos C\u00e1rdenas Mellado, director del SATES, durante la conferencia semanera del gobernador Rub\u00e9n Rocha Moya.<\/p>\n\n\n\n<p>Record\u00f3 que el programa de licencias sin fecha de vencimiento estar\u00e1 disponible hasta el 30 de junio, por lo que invita a la ciudadan\u00eda a aprovechar esta oportunidad que brinda certeza y comodidad a largo plazo.<\/p>\n\n\n\n<p>Para m\u00e1s informaci\u00f3n, acude a las oficinas de recaudaci\u00f3n, m\u00f3dulos y colectur\u00edas en todo el estado.<\/p>\n\n\n\n<h1 class=\"wp-block-heading\">SATES #LicenciaPermanente #Sinaloa #Tr\u00e1mites<\/h1>\n","protected":false},"excerpt":{"rendered":"<p>Al 27 de abril se han expedido 15,600 licencias permanentes en Sinaloa, con una recaudaci\u00f3n aproximada de 36 millones de pesos para las finanzas estatales. As\u00ed lo inform\u00f3 Jos\u00e9 Carlos&hellip; <\/p>\n","protected":false},"author":3,"featured_media":33480,"comment_status":"open","ping_status":"closed","sticky":false,"template":"","format":"standard","meta":{"footnotes":""},"categories":[15],"tags":[],"class_list":["post-33479","post","type-post","status-publish","format-standard","has-post-thumbnail","hentry","category-estatal"],"_links":{"self":[{"href":"https:\/\/lasnoticiasconjoselecota.com\/v1\/wp-json\/wp\/v2\/posts\/33479","targetHints":{"allow":["GET"]}}],"collection":[{"href":"https:\/\/lasnoticiasconjoselecota.com\/v1\/wp-json\/wp\/v2\/posts"}],"about":[{"href":"https:\/\/lasnoticiasconjoselecota.com\/v1\/wp-json\/wp\/v2\/types\/post"}],"author":[{"embeddable":true,"href":"https:\/\/lasnoticiasconjoselecota.com\/v1\/wp-json\/wp\/v2\/users\/3"}],"replies":[{"embeddable":true,"href":"https:\/\/lasnoticiasconjoselecota.com\/v1\/wp-json\/wp\/v2\/comments?post=33479"}],"version-history":[{"count":1,"href":"https:\/\/lasnoticiasconjoselecota.com\/v1\/wp-json\/wp\/v2\/posts\/33479\/revisions"}],"predecessor-version":[{"id":33481,"href":"https:\/\/lasnoticiasconjoselecota.com\/v1\/wp-json\/wp\/v2\/posts\/33479\/revisions\/33481"}],"wp:featuredmedia":[{"embeddable":true,"href":"https:\/\/lasnoticiasconjoselecota.com\/v1\/wp-json\/wp\/v2\/media\/33480"}],"wp:attachment":[{"href":"https:\/\/lasnoticiasconjoselecota.com\/v1\/wp-json\/wp\/v2\/media?parent=33479"}],"wp:term":[{"taxonomy":"category","embeddable":true,"href":"https:\/\/lasnoticiasconjoselecota.com\/v1\/wp-json\/wp\/v2\/categories?post=33479"},{"taxonomy":"post_tag","embeddable":true,"href":"https:\/\/lasnoticiasconjoselecota.com\/v1\/wp-json\/wp\/v2\/tags?post=33479"}],"curies":[{"name":"wp","href":"https:\/\/api.w.org\/{rel}","templated":true}]}}