{"id":7537,"date":"2024-08-14T16:05:30","date_gmt":"2024-08-14T23:05:30","guid":{"rendered":"https:\/\/lasnoticiasconjoselecota.com\/v1\/?p=7537"},"modified":"2024-08-14T16:05:31","modified_gmt":"2024-08-14T23:05:31","slug":"participa-dif-sinaloa-en-la-13a-conferencia-nacional-de-procuradoras-y-procuradores-de-proteccion-de-ninas-ninos-y-adolescentes","status":"publish","type":"post","link":"https:\/\/lasnoticiasconjoselecota.com\/v1\/estatal\/participa-dif-sinaloa-en-la-13a-conferencia-nacional-de-procuradoras-y-procuradores-de-proteccion-de-ninas-ninos-y-adolescentes\/","title":{"rendered":"PARTICIPA DIF SINALOA EN LA 13a. CONFERENCIA NACIONAL DE PROCURADORAS Y PROCURADORES DE PROTECCI\u00d3N DE NI\u00d1AS, NI\u00d1OS Y ADOLESCENTES"},"content":{"rendered":"\n<p><em>Procuradoras y procuradores del pa\u00eds se re\u00fanen en BCS para garantizar cuidados y protecci\u00f3n a la ni\u00f1ez en M\u00e9xico<\/em><\/p>\n\n\n\n<p><em>La Paz, Baja California Sur a 14 de agosto del 2024.-<\/em> El d\u00eda de hoy se inaugur\u00f3 la 13\u00aa Conferencia Nacional de Procuradoras y Procuradores de Protecci\u00f3n de Ni\u00f1as, Ni\u00f1os y Adolescentes que se realizar\u00e1 en la entidad del 14 al 16 de agosto, con el objetivo com\u00fan de garantizar cuidados y protecci\u00f3n a la ni\u00f1ez y adolescencia en M\u00e9xico. Evento organizado por el Sistema Nacional DIF y el Gobierno de Baja California Sur y al cual acudi\u00f3 la presidenta del Sistema DIF Sinaloa, doctora Eneyda Rocha Ruiz, en representaci\u00f3n del estado, asisten adem\u00e1s de manera presencial 25 entidades federativas del Pa\u00eds.<\/p>\n\n\n\n<p>Durante los 3 d\u00edas de trabajo en la Conferencia Nacional de Procuradoras y Procuradores de Protecci\u00f3n de Ni\u00f1as, Ni\u00f1os y Adolescentes se abordar\u00e1n temas como cuidados alternativos, ni\u00f1ez en contexto de movilidad, promoci\u00f3n y difusi\u00f3n de derechos, un espacio de di\u00e1logo y coordinaci\u00f3n en torno a la protecci\u00f3n especial de los derechos humanos de la ni\u00f1ez y adolescencia y estrategias para el dise\u00f1o y ejecuci\u00f3n de la Agenda Nacional. En la participaci\u00f3n del Sistema DIF Sinaloa toc\u00f3 a la Procuradora de Protecci\u00f3n de Ni\u00f1as, Ni\u00f1os y Adolescentes, Lic. Fabiola Biridiana C\u00e1rdenas hacer referencia como \u201cbuena pr\u00e1ctica\u201d a la intervenci\u00f3n que se realiz\u00f3 por parte del DIF Sinaloa en el caso de un menor de edad originario del Estado de Chiapas que no contaba con documentos de identidad por lo cual no pod\u00eda retornar a su hogar, para resolverlo se tuvieron que implementar los protocolos establecidos ante el Registro P\u00fablico para obtener su acta de nacimiento y adem\u00e1s recibir atenci\u00f3n m\u00e9dica.<\/p>\n\n\n\n<p>Comparti\u00f3, adem\u00e1s, los trabajos que realiza el Gobierno de Sinaloa a trav\u00e9s del Sistema DIF Estatal para garantizar el derecho a la salud y la identidad de ni\u00f1as, ni\u00f1os y adolescentes. Su participaci\u00f3n subraya el compromiso de proteger la integridad y los derechos fundamentales de la ni\u00f1ez y adolescencia.<\/p>\n\n\n\n<p>En este primer d\u00eda de trabajo, las procuradoras y procuradores tratar\u00e1n temas como: Presentaci\u00f3n de resultados de la Consulta \u00bfMe escuchas? 2024; Protecci\u00f3n especial de la ni\u00f1ez en M\u00e9xico: Avances y retos; Madurez de los sistemas de protecci\u00f3n de ni\u00f1as, ni\u00f1os y adolescentes; Mecanismos alternativos de soluci\u00f3n de controversias en M\u00e9xico; Retos y perspectivas en la protecci\u00f3n de la ni\u00f1ez a nivel Federal y en las entidades federativas; aspectos normativos, t\u00e9cnicos, operativos y de coordinaci\u00f3n; as\u00ed como la Presentaci\u00f3n del Estudio diagn\u00f3stico sobre la infraestructura y capacidad operativa de las procuradur\u00edas de protecci\u00f3n a nivel local. Para el segundo d\u00eda de actividades, se abordar\u00e1 lo siguiente: Registro 2.0 Sistema Por Tus Derechos: Ni\u00f1as, Ni\u00f1os y Adolescentes Protegidos; Modelo y sistema de gesti\u00f3n de casos para protecci\u00f3n especial de la ni\u00f1ez, Gu\u00edas en materia de protecci\u00f3n a la ni\u00f1ez: actualizaci\u00f3n y relevancia de las tem\u00e1ticas que abordan; Democracia familiar y retos del sistema de justicia penal para adolescentes.<\/p>\n\n\n\n<p>En la \u00faltima jornada del viernes 16 de agosto se revisar\u00e1 el Modelo de intervenci\u00f3n con adolescentes de Legal Services for Children; Instrumentos para la difusi\u00f3n de la Convenci\u00f3n sobre los Derechos del Ni\u00f1o; Certificaci\u00f3n de Centros de Asistencia Social de Ni\u00f1as, Ni\u00f1os y Adolescentes. Gu\u00eda para su implementaci\u00f3n y Programa \u201cP\u00e1rale a la Violencia\u201d.<\/p>\n\n\n\n<figure class=\"wp-block-gallery has-nested-images columns-default is-cropped wp-block-gallery-2 is-layout-flex wp-block-gallery-is-layout-flex\">\n<figure class=\"wp-block-image size-large\"><img loading=\"lazy\" decoding=\"async\" width=\"1024\" height=\"682\" data-id=\"7539\" src=\"https:\/\/lasnoticiasconjoselecota.com\/v1\/wp-content\/uploads\/2024\/08\/1000201814-1024x682.jpg\" alt=\"\" class=\"wp-image-7539\" srcset=\"https:\/\/lasnoticiasconjoselecota.com\/v1\/wp-content\/uploads\/2024\/08\/1000201814-1024x682.jpg 1024w, https:\/\/lasnoticiasconjoselecota.com\/v1\/wp-content\/uploads\/2024\/08\/1000201814-300x200.jpg 300w, https:\/\/lasnoticiasconjoselecota.com\/v1\/wp-content\/uploads\/2024\/08\/1000201814-768x512.jpg 768w, https:\/\/lasnoticiasconjoselecota.com\/v1\/wp-content\/uploads\/2024\/08\/1000201814-1536x1023.jpg 1536w, https:\/\/lasnoticiasconjoselecota.com\/v1\/wp-content\/uploads\/2024\/08\/1000201814.jpg 1600w\" sizes=\"auto, (max-width: 1024px) 100vw, 1024px\" \/><\/figure>\n\n\n\n<figure class=\"wp-block-image size-large\"><img loading=\"lazy\" decoding=\"async\" width=\"1024\" height=\"682\" data-id=\"7538\" src=\"https:\/\/lasnoticiasconjoselecota.com\/v1\/wp-content\/uploads\/2024\/08\/1000201743-1024x682.jpg\" alt=\"\" class=\"wp-image-7538\" srcset=\"https:\/\/lasnoticiasconjoselecota.com\/v1\/wp-content\/uploads\/2024\/08\/1000201743-1024x682.jpg 1024w, https:\/\/lasnoticiasconjoselecota.com\/v1\/wp-content\/uploads\/2024\/08\/1000201743-300x200.jpg 300w, https:\/\/lasnoticiasconjoselecota.com\/v1\/wp-content\/uploads\/2024\/08\/1000201743-768x511.jpg 768w, https:\/\/lasnoticiasconjoselecota.com\/v1\/wp-content\/uploads\/2024\/08\/1000201743.jpg 1280w\" sizes=\"auto, (max-width: 1024px) 100vw, 1024px\" \/><\/figure>\n<\/figure>\n","protected":false},"excerpt":{"rendered":"<p>Procuradoras y procuradores del pa\u00eds se re\u00fanen en BCS para garantizar cuidados y protecci\u00f3n a la ni\u00f1ez en M\u00e9xico La Paz, Baja California Sur a 14 de agosto del 2024.-&hellip; <\/p>\n","protected":false},"author":3,"featured_media":7540,"comment_status":"open","ping_status":"closed","sticky":false,"template":"","format":"standard","meta":{"footnotes":""},"categories":[15],"tags":[],"class_list":["post-7537","post","type-post","status-publish","format-standard","has-post-thumbnail","hentry","category-estatal"],"_links":{"self":[{"href":"https:\/\/lasnoticiasconjoselecota.com\/v1\/wp-json\/wp\/v2\/posts\/7537","targetHints":{"allow":["GET"]}}],"collection":[{"href":"https:\/\/lasnoticiasconjoselecota.com\/v1\/wp-json\/wp\/v2\/posts"}],"about":[{"href":"https:\/\/lasnoticiasconjoselecota.com\/v1\/wp-json\/wp\/v2\/types\/post"}],"author":[{"embeddable":true,"href":"https:\/\/lasnoticiasconjoselecota.com\/v1\/wp-json\/wp\/v2\/users\/3"}],"replies":[{"embeddable":true,"href":"https:\/\/lasnoticiasconjoselecota.com\/v1\/wp-json\/wp\/v2\/comments?post=7537"}],"version-history":[{"count":1,"href":"https:\/\/lasnoticiasconjoselecota.com\/v1\/wp-json\/wp\/v2\/posts\/7537\/revisions"}],"predecessor-version":[{"id":7541,"href":"https:\/\/lasnoticiasconjoselecota.com\/v1\/wp-json\/wp\/v2\/posts\/7537\/revisions\/7541"}],"wp:featuredmedia":[{"embeddable":true,"href":"https:\/\/lasnoticiasconjoselecota.com\/v1\/wp-json\/wp\/v2\/media\/7540"}],"wp:attachment":[{"href":"https:\/\/lasnoticiasconjoselecota.com\/v1\/wp-json\/wp\/v2\/media?parent=7537"}],"wp:term":[{"taxonomy":"category","embeddable":true,"href":"https:\/\/lasnoticiasconjoselecota.com\/v1\/wp-json\/wp\/v2\/categories?post=7537"},{"taxonomy":"post_tag","embeddable":true,"href":"https:\/\/lasnoticiasconjoselecota.com\/v1\/wp-json\/wp\/v2\/tags?post=7537"}],"curies":[{"name":"wp","href":"https:\/\/api.w.org\/{rel}","templated":true}]}}