{"id":7549,"date":"2024-08-14T16:42:36","date_gmt":"2024-08-14T23:42:36","guid":{"rendered":"https:\/\/lasnoticiasconjoselecota.com\/v1\/?p=7549"},"modified":"2024-08-14T16:42:37","modified_gmt":"2024-08-14T23:42:37","slug":"supervisan-avances-en-la-ampliacion-de-la-red-de-distribucion-de-agua-potable-en-comanito","status":"publish","type":"post","link":"https:\/\/lasnoticiasconjoselecota.com\/v1\/locales\/supervisan-avances-en-la-ampliacion-de-la-red-de-distribucion-de-agua-potable-en-comanito\/","title":{"rendered":"Supervisan Avances en la Ampliaci\u00f3n de la Red de Distribuci\u00f3n de Agua Potable en Comanito"},"content":{"rendered":"\n<p>Mocorito, Sinaloa. \u2013 En la comunidad de Comanito, perteneciente a la Sindicatura de Pericos, la presidenta municipal, Mar\u00eda Elizalde Ruelas, junto con el director de Obras P\u00fablicas, Fernando Najar, supervisaron los avances en la ampliaci\u00f3n de la red de distribuci\u00f3n de agua potable.<\/p>\n\n\n\n<p>Este proyecto, busca optimizar los servicios de abastecimiento y eficientar la cobertura de agua potable en todos los hogares de la comunidad.<\/p>\n\n\n\n<p>La obra muestra un progreso significativo y se encuentra dentro de los tiempos establecidos, asegurando que muy pronto los habitantes de Comanito disfrutar\u00e1n de un servicio de agua m\u00e1s seguro y confiable.<\/p>\n\n\n\n<p>La presidenta municipal, Mar\u00eda Elizalde Ruelas, destac\u00f3 que con esta obra se cumple un compromiso establecido con las familias de Comanito, benefici\u00e1ndoles con un servicio eficiente de distribuci\u00f3n de agua potable, capaz de cubrir la totalidad de los hogares.<\/p>\n\n\n\n<figure class=\"wp-block-gallery has-nested-images columns-default is-cropped wp-block-gallery-2 is-layout-flex wp-block-gallery-is-layout-flex\">\n<figure class=\"wp-block-image size-large\"><img loading=\"lazy\" decoding=\"async\" width=\"1024\" height=\"683\" data-id=\"7551\" src=\"https:\/\/lasnoticiasconjoselecota.com\/v1\/wp-content\/uploads\/2024\/08\/1000201823-1024x683.jpg\" alt=\"\" class=\"wp-image-7551\" srcset=\"https:\/\/lasnoticiasconjoselecota.com\/v1\/wp-content\/uploads\/2024\/08\/1000201823-1024x683.jpg 1024w, https:\/\/lasnoticiasconjoselecota.com\/v1\/wp-content\/uploads\/2024\/08\/1000201823-300x200.jpg 300w, https:\/\/lasnoticiasconjoselecota.com\/v1\/wp-content\/uploads\/2024\/08\/1000201823-768x512.jpg 768w, https:\/\/lasnoticiasconjoselecota.com\/v1\/wp-content\/uploads\/2024\/08\/1000201823-1536x1024.jpg 1536w, https:\/\/lasnoticiasconjoselecota.com\/v1\/wp-content\/uploads\/2024\/08\/1000201823.jpg 1599w\" sizes=\"auto, (max-width: 1024px) 100vw, 1024px\" \/><\/figure>\n\n\n\n<figure class=\"wp-block-image size-large\"><img loading=\"lazy\" decoding=\"async\" width=\"1024\" height=\"682\" data-id=\"7550\" src=\"https:\/\/lasnoticiasconjoselecota.com\/v1\/wp-content\/uploads\/2024\/08\/1000201820-1024x682.jpg\" alt=\"\" class=\"wp-image-7550\" srcset=\"https:\/\/lasnoticiasconjoselecota.com\/v1\/wp-content\/uploads\/2024\/08\/1000201820-1024x682.jpg 1024w, https:\/\/lasnoticiasconjoselecota.com\/v1\/wp-content\/uploads\/2024\/08\/1000201820-300x200.jpg 300w, https:\/\/lasnoticiasconjoselecota.com\/v1\/wp-content\/uploads\/2024\/08\/1000201820-768x512.jpg 768w, https:\/\/lasnoticiasconjoselecota.com\/v1\/wp-content\/uploads\/2024\/08\/1000201820.jpg 1142w\" sizes=\"auto, (max-width: 1024px) 100vw, 1024px\" \/><\/figure>\n\n\n\n<figure class=\"wp-block-image size-large\"><img loading=\"lazy\" decoding=\"async\" width=\"1024\" height=\"683\" data-id=\"7552\" src=\"https:\/\/lasnoticiasconjoselecota.com\/v1\/wp-content\/uploads\/2024\/08\/1000201826-1024x683.jpg\" alt=\"\" class=\"wp-image-7552\" srcset=\"https:\/\/lasnoticiasconjoselecota.com\/v1\/wp-content\/uploads\/2024\/08\/1000201826-1024x683.jpg 1024w, https:\/\/lasnoticiasconjoselecota.com\/v1\/wp-content\/uploads\/2024\/08\/1000201826-300x200.jpg 300w, https:\/\/lasnoticiasconjoselecota.com\/v1\/wp-content\/uploads\/2024\/08\/1000201826-768x512.jpg 768w, https:\/\/lasnoticiasconjoselecota.com\/v1\/wp-content\/uploads\/2024\/08\/1000201826-1536x1024.jpg 1536w, https:\/\/lasnoticiasconjoselecota.com\/v1\/wp-content\/uploads\/2024\/08\/1000201826.jpg 1599w\" sizes=\"auto, (max-width: 1024px) 100vw, 1024px\" \/><\/figure>\n<\/figure>\n","protected":false},"excerpt":{"rendered":"<p>Mocorito, Sinaloa. \u2013 En la comunidad de Comanito, perteneciente a la Sindicatura de Pericos, la presidenta municipal, Mar\u00eda Elizalde Ruelas, junto con el director de Obras P\u00fablicas, Fernando Najar, supervisaron&hellip; <\/p>\n","protected":false},"author":3,"featured_media":7553,"comment_status":"open","ping_status":"closed","sticky":false,"template":"","format":"standard","meta":{"footnotes":""},"categories":[3],"tags":[],"class_list":["post-7549","post","type-post","status-publish","format-standard","has-post-thumbnail","hentry","category-locales"],"_links":{"self":[{"href":"https:\/\/lasnoticiasconjoselecota.com\/v1\/wp-json\/wp\/v2\/posts\/7549","targetHints":{"allow":["GET"]}}],"collection":[{"href":"https:\/\/lasnoticiasconjoselecota.com\/v1\/wp-json\/wp\/v2\/posts"}],"about":[{"href":"https:\/\/lasnoticiasconjoselecota.com\/v1\/wp-json\/wp\/v2\/types\/post"}],"author":[{"embeddable":true,"href":"https:\/\/lasnoticiasconjoselecota.com\/v1\/wp-json\/wp\/v2\/users\/3"}],"replies":[{"embeddable":true,"href":"https:\/\/lasnoticiasconjoselecota.com\/v1\/wp-json\/wp\/v2\/comments?post=7549"}],"version-history":[{"count":1,"href":"https:\/\/lasnoticiasconjoselecota.com\/v1\/wp-json\/wp\/v2\/posts\/7549\/revisions"}],"predecessor-version":[{"id":7554,"href":"https:\/\/lasnoticiasconjoselecota.com\/v1\/wp-json\/wp\/v2\/posts\/7549\/revisions\/7554"}],"wp:featuredmedia":[{"embeddable":true,"href":"https:\/\/lasnoticiasconjoselecota.com\/v1\/wp-json\/wp\/v2\/media\/7553"}],"wp:attachment":[{"href":"https:\/\/lasnoticiasconjoselecota.com\/v1\/wp-json\/wp\/v2\/media?parent=7549"}],"wp:term":[{"taxonomy":"category","embeddable":true,"href":"https:\/\/lasnoticiasconjoselecota.com\/v1\/wp-json\/wp\/v2\/categories?post=7549"},{"taxonomy":"post_tag","embeddable":true,"href":"https:\/\/lasnoticiasconjoselecota.com\/v1\/wp-json\/wp\/v2\/tags?post=7549"}],"curies":[{"name":"wp","href":"https:\/\/api.w.org\/{rel}","templated":true}]}}