{"id":7555,"date":"2024-08-14T17:51:19","date_gmt":"2024-08-15T00:51:19","guid":{"rendered":"https:\/\/lasnoticiasconjoselecota.com\/v1\/?p=7555"},"modified":"2024-08-14T17:51:20","modified_gmt":"2024-08-15T00:51:20","slug":"en-busca-de-mantener-y-elevar-sus-estandares-de-calidad-inicia-la-uas-los-trabajos-de-la-jornada-de-actualizacion-docente-y-disciplinar-en-bachillerato","status":"publish","type":"post","link":"https:\/\/lasnoticiasconjoselecota.com\/v1\/estatal\/en-busca-de-mantener-y-elevar-sus-estandares-de-calidad-inicia-la-uas-los-trabajos-de-la-jornada-de-actualizacion-docente-y-disciplinar-en-bachillerato\/","title":{"rendered":"En busca de mantener y elevar sus est\u00e1ndares de calidad, inicia la UAS los trabajos de la Jornada de Actualizaci\u00f3n Docente y Disciplinar en Bachillerato"},"content":{"rendered":"\n<p>Siendo el Bachillerato de la Universidad Aut\u00f3noma de Sinaloa (UAS) un referente nacional por la formaci\u00f3n de calidad que reciben sus m\u00e1s de 60 mil estudiantes, se sigue trabajando por mantener y elevar estos est\u00e1ndares y m\u00e1s a\u00fan cuando en este ciclo escolar se iniciar\u00e1 con el nuevo Plan de Estudios 2024 apegado a los lineamientos de la Nueva Escuela Mexicana, destac\u00f3 el doctor Robespierre Liz\u00e1rraga Otero, Encargado del Despacho de Rector\u00eda, al inaugurar los trabajos de la Jornada de Actualizaci\u00f3n Docente y Disciplinar, Ciclo Escolar 2024-2025 Nivel Medio Superior, en donde a lo largo de todo el estado estar\u00e1n participando 2 mil docentes de las diferentes academias.<\/p>\n\n\n\n<p>\u201cPrecisamente el Rector titular, el doctor Jes\u00fas Madue\u00f1a Molina, quien tuvo a bien a delinear el Plan Con Visi\u00f3n de Futuro 2025, el Modelo Educativo UAS 2022 y que tambi\u00e9n tuvo una trascendente participaci\u00f3n en este Nuevo Plan de Estudios 2024, que son una serie de programas, de planes, de proyectos que buscan no solamente mantener este alto nivel de calidad en el servicio educativo, que tiene a bien prestar la Universidad Aut\u00f3noma de Sinaloa al pueblo precisamente de Sinaloa, sino que busca empoderarlo, consolidarlo\u201d, expres\u00f3.<\/p>\n\n\n\n<p>El funcionario universitario, acompa\u00f1ado por otros acad\u00e9micos como es el caso de Candelario Ortiz Bueno, secretario General de la UAS; Wenseslao Plata Rocha, vicerrector de la Unidad Regional Centro y Armando Fl\u00f3rez Arco, titular de la Direcci\u00f3n General de Escuelas Preparatorias, fue enf\u00e1tico en se\u00f1alar que, pese a las restricciones financieras por las que estar\u00e1 atravesando la casa de estudios y con tantos problemas pol\u00edticos, se seguir\u00e1 avanzando y trabajando en la excelencia de la academia de los miles de estudiantes.<\/p>\n\n\n\n<p>\u201cEsta es la verdadera Universidad, esa Universidad en la que se forman personajes como Marco Verde, que es un orgullo ya no solamente claro del pa\u00eds y de Sinaloa, es un orgullo universitario, est\u00e1 \u00e9l formado en estas aulas, en estos gimnasios por maestros y maestras como ustedes; \u00e9l precisamente ayer en una entrevista hac\u00eda referencia que el lunes iniciaban las clases y \u00e9l es un universitario m\u00e1s como todos nosotros y eso habla de esta m\u00edstica de la Universidad Aut\u00f3noma de Sinaloa que ha desarrollado en los \u00faltimos tiempos\u201d, apunt\u00f3.<\/p>\n\n\n\n<p>As\u00ed mismo, Liz\u00e1rraga Otero enfatiz\u00f3 que, si bien este nuevo ciclo escolar que est\u00e1 por iniciar el pr\u00f3ximo lunes 26 de agosto, ser\u00e1 muy diferente a otros por los retos econ\u00f3micos que se vendr\u00e1n, con la uni\u00f3n de todos los universitarios se saldr\u00e1 adelante, por ello hizo el llamado a que todos sostengan ese compromiso con la instituci\u00f3n para trabajar con calidad, humanismo y gran compromiso, pero, sobre todo, hacer un pacto con la sociedad de que se les aportar\u00e1 lo mejor.<\/p>\n\n\n\n<p>Por su parte, Wenseslao Plata Rocha en su mensaje de bienvenida conmin\u00f3 a todos a seguir unidos y luchando por los reales retos de la UAS, lo cual con hechos se estar\u00e1 demostrando la honestidad de los universitarios y, sobre todo, que lo que se hace es siempre el pro de una mejor sociedad y en la formaci\u00f3n de j\u00f3venes que luchan por un futuro prometedor.<\/p>\n\n\n\n<figure class=\"wp-block-gallery has-nested-images columns-default is-cropped wp-block-gallery-2 is-layout-flex wp-block-gallery-is-layout-flex\">\n<figure class=\"wp-block-image size-large\"><img loading=\"lazy\" decoding=\"async\" width=\"1024\" height=\"768\" data-id=\"7560\" src=\"https:\/\/lasnoticiasconjoselecota.com\/v1\/wp-content\/uploads\/2024\/08\/1000201939-1024x768.jpg\" alt=\"\" class=\"wp-image-7560\" srcset=\"https:\/\/lasnoticiasconjoselecota.com\/v1\/wp-content\/uploads\/2024\/08\/1000201939-1024x768.jpg 1024w, https:\/\/lasnoticiasconjoselecota.com\/v1\/wp-content\/uploads\/2024\/08\/1000201939-300x225.jpg 300w, https:\/\/lasnoticiasconjoselecota.com\/v1\/wp-content\/uploads\/2024\/08\/1000201939-768x576.jpg 768w, https:\/\/lasnoticiasconjoselecota.com\/v1\/wp-content\/uploads\/2024\/08\/1000201939-1536x1152.jpg 1536w, https:\/\/lasnoticiasconjoselecota.com\/v1\/wp-content\/uploads\/2024\/08\/1000201939.jpg 1600w\" sizes=\"auto, (max-width: 1024px) 100vw, 1024px\" \/><\/figure>\n\n\n\n<figure class=\"wp-block-image size-large\"><img loading=\"lazy\" decoding=\"async\" width=\"1024\" height=\"768\" data-id=\"7559\" src=\"https:\/\/lasnoticiasconjoselecota.com\/v1\/wp-content\/uploads\/2024\/08\/1000201940-1024x768.jpg\" alt=\"\" class=\"wp-image-7559\" srcset=\"https:\/\/lasnoticiasconjoselecota.com\/v1\/wp-content\/uploads\/2024\/08\/1000201940-1024x768.jpg 1024w, https:\/\/lasnoticiasconjoselecota.com\/v1\/wp-content\/uploads\/2024\/08\/1000201940-300x225.jpg 300w, https:\/\/lasnoticiasconjoselecota.com\/v1\/wp-content\/uploads\/2024\/08\/1000201940-768x576.jpg 768w, https:\/\/lasnoticiasconjoselecota.com\/v1\/wp-content\/uploads\/2024\/08\/1000201940-1536x1152.jpg 1536w, https:\/\/lasnoticiasconjoselecota.com\/v1\/wp-content\/uploads\/2024\/08\/1000201940.jpg 1600w\" sizes=\"auto, (max-width: 1024px) 100vw, 1024px\" \/><\/figure>\n\n\n\n<figure class=\"wp-block-image size-large\"><img loading=\"lazy\" decoding=\"async\" width=\"1024\" height=\"768\" data-id=\"7558\" src=\"https:\/\/lasnoticiasconjoselecota.com\/v1\/wp-content\/uploads\/2024\/08\/1000201941-1024x768.jpg\" alt=\"\" class=\"wp-image-7558\" srcset=\"https:\/\/lasnoticiasconjoselecota.com\/v1\/wp-content\/uploads\/2024\/08\/1000201941-1024x768.jpg 1024w, https:\/\/lasnoticiasconjoselecota.com\/v1\/wp-content\/uploads\/2024\/08\/1000201941-300x225.jpg 300w, https:\/\/lasnoticiasconjoselecota.com\/v1\/wp-content\/uploads\/2024\/08\/1000201941-768x576.jpg 768w, https:\/\/lasnoticiasconjoselecota.com\/v1\/wp-content\/uploads\/2024\/08\/1000201941-1536x1152.jpg 1536w, https:\/\/lasnoticiasconjoselecota.com\/v1\/wp-content\/uploads\/2024\/08\/1000201941.jpg 1600w\" sizes=\"auto, (max-width: 1024px) 100vw, 1024px\" \/><\/figure>\n<\/figure>\n","protected":false},"excerpt":{"rendered":"<p>Siendo el Bachillerato de la Universidad Aut\u00f3noma de Sinaloa (UAS) un referente nacional por la formaci\u00f3n de calidad que reciben sus m\u00e1s de 60 mil estudiantes, se sigue trabajando por&hellip; <\/p>\n","protected":false},"author":3,"featured_media":7556,"comment_status":"open","ping_status":"closed","sticky":false,"template":"","format":"standard","meta":{"footnotes":""},"categories":[15],"tags":[],"class_list":["post-7555","post","type-post","status-publish","format-standard","has-post-thumbnail","hentry","category-estatal"],"_links":{"self":[{"href":"https:\/\/lasnoticiasconjoselecota.com\/v1\/wp-json\/wp\/v2\/posts\/7555","targetHints":{"allow":["GET"]}}],"collection":[{"href":"https:\/\/lasnoticiasconjoselecota.com\/v1\/wp-json\/wp\/v2\/posts"}],"about":[{"href":"https:\/\/lasnoticiasconjoselecota.com\/v1\/wp-json\/wp\/v2\/types\/post"}],"author":[{"embeddable":true,"href":"https:\/\/lasnoticiasconjoselecota.com\/v1\/wp-json\/wp\/v2\/users\/3"}],"replies":[{"embeddable":true,"href":"https:\/\/lasnoticiasconjoselecota.com\/v1\/wp-json\/wp\/v2\/comments?post=7555"}],"version-history":[{"count":1,"href":"https:\/\/lasnoticiasconjoselecota.com\/v1\/wp-json\/wp\/v2\/posts\/7555\/revisions"}],"predecessor-version":[{"id":7561,"href":"https:\/\/lasnoticiasconjoselecota.com\/v1\/wp-json\/wp\/v2\/posts\/7555\/revisions\/7561"}],"wp:featuredmedia":[{"embeddable":true,"href":"https:\/\/lasnoticiasconjoselecota.com\/v1\/wp-json\/wp\/v2\/media\/7556"}],"wp:attachment":[{"href":"https:\/\/lasnoticiasconjoselecota.com\/v1\/wp-json\/wp\/v2\/media?parent=7555"}],"wp:term":[{"taxonomy":"category","embeddable":true,"href":"https:\/\/lasnoticiasconjoselecota.com\/v1\/wp-json\/wp\/v2\/categories?post=7555"},{"taxonomy":"post_tag","embeddable":true,"href":"https:\/\/lasnoticiasconjoselecota.com\/v1\/wp-json\/wp\/v2\/tags?post=7555"}],"curies":[{"name":"wp","href":"https:\/\/api.w.org\/{rel}","templated":true}]}}