{"id":7566,"date":"2024-08-14T18:28:07","date_gmt":"2024-08-15T01:28:07","guid":{"rendered":"https:\/\/lasnoticiasconjoselecota.com\/v1\/?p=7566"},"modified":"2024-08-14T18:28:08","modified_gmt":"2024-08-15T01:28:08","slug":"dif-salvador-alvarado-extiende-apoyo-alimenticio-y-de-vestimenta-a-las-comunidades","status":"publish","type":"post","link":"https:\/\/lasnoticiasconjoselecota.com\/v1\/locales\/dif-salvador-alvarado-extiende-apoyo-alimenticio-y-de-vestimenta-a-las-comunidades\/","title":{"rendered":"DIF Salvador Alvarado extiende apoyo alimenticio y de vestimenta a las comunidades"},"content":{"rendered":"\n<p>Como parte de esta labor, la presidenta de la instituci\u00f3n, Lupita L\u00f3pez Gonz\u00e1lez, ha visitado recientemente el Ejido Tultita y El Salitre<\/p>\n\n\n\n<p>Guam\u00fachil, Sinaloa a 14 de agosto de 2024.- El Sistema DIF Salvador Alvarado, encabezado por su presidenta, Lupita L\u00f3pez Gonz\u00e1lez, ha intensificado sus esfuerzos para llevar apoyo alimenticio y de vestimenta a las familias que no forman parte del programa de Estrategia Integral y Asistencia Social Alimentaria y en el caso de otras por contar con un Espacio de Alimentaci\u00f3n, Encuentro y Desarrollo.<\/p>\n\n\n\n<p>Como parte de esta labor, la presidenta del DIF ha visitado recientemente las comunidades del Ejido Tultita y El Salitre, donde personalmente ha supervisado la entrega de despensas a las familias m\u00e1s necesitadas. Estas despensas, que contienen productos b\u00e1sicos, son una respuesta directa a las necesidades urgentes de las comunidades m\u00e1s vulnerables de la regi\u00f3n.<\/p>\n\n\n\n<p>Adem\u00e1s del apoyo alimenticio, el DIF Salvador Alvarado tambi\u00e9n ha distribuido ropa y calzado a la ciudadan\u00eda, productos que forman parte de las generosas donaciones que la instituci\u00f3n ha recibido. Esta iniciativa busca asegurar que todas las familias tengan acceso no solo a alimentos, sino tambi\u00e9n a vestimenta adecuada, especialmente en tiempos dif\u00edciles.<\/p>\n\n\n\n<p>La titular del DIF municipal manifest\u00f3 que el objetivo es brindar asistencia a quienes m\u00e1s lo necesitan, independientemente de si forman parte de los programas regulares, sin embargo, en esta ocasi\u00f3n se est\u00e1 llevando el apoyo alimenticio a aquellas familias que no pudieron quedar en el padr\u00f3n de despensas, as\u00ed como tambi\u00e9n en los pueblos donde existen comedores comunitarios.<\/p>\n\n\n\n<p>El DIF Salvador Alvarado continuar\u00e1 con estas acciones en otras comunidades, buscando siempre extender su mano amiga a todas las personas en situaci\u00f3n de vulnerabilidad.<\/p>\n\n\n\n<figure class=\"wp-block-gallery has-nested-images columns-default is-cropped wp-block-gallery-2 is-layout-flex wp-block-gallery-is-layout-flex\">\n<figure class=\"wp-block-image size-large\"><img loading=\"lazy\" decoding=\"async\" width=\"1024\" height=\"768\" data-id=\"7568\" src=\"https:\/\/lasnoticiasconjoselecota.com\/v1\/wp-content\/uploads\/2024\/08\/1000202011-1024x768.jpg\" alt=\"\" class=\"wp-image-7568\" srcset=\"https:\/\/lasnoticiasconjoselecota.com\/v1\/wp-content\/uploads\/2024\/08\/1000202011-1024x768.jpg 1024w, https:\/\/lasnoticiasconjoselecota.com\/v1\/wp-content\/uploads\/2024\/08\/1000202011-300x225.jpg 300w, https:\/\/lasnoticiasconjoselecota.com\/v1\/wp-content\/uploads\/2024\/08\/1000202011-768x576.jpg 768w, https:\/\/lasnoticiasconjoselecota.com\/v1\/wp-content\/uploads\/2024\/08\/1000202011.jpg 1280w\" sizes=\"auto, (max-width: 1024px) 100vw, 1024px\" \/><\/figure>\n\n\n\n<figure class=\"wp-block-image size-large\"><img loading=\"lazy\" decoding=\"async\" width=\"1024\" height=\"768\" data-id=\"7567\" src=\"https:\/\/lasnoticiasconjoselecota.com\/v1\/wp-content\/uploads\/2024\/08\/1000202010-1024x768.jpg\" alt=\"\" class=\"wp-image-7567\" srcset=\"https:\/\/lasnoticiasconjoselecota.com\/v1\/wp-content\/uploads\/2024\/08\/1000202010-1024x768.jpg 1024w, https:\/\/lasnoticiasconjoselecota.com\/v1\/wp-content\/uploads\/2024\/08\/1000202010-300x225.jpg 300w, https:\/\/lasnoticiasconjoselecota.com\/v1\/wp-content\/uploads\/2024\/08\/1000202010-768x576.jpg 768w, https:\/\/lasnoticiasconjoselecota.com\/v1\/wp-content\/uploads\/2024\/08\/1000202010.jpg 1280w\" sizes=\"auto, (max-width: 1024px) 100vw, 1024px\" \/><\/figure>\n\n\n\n<figure class=\"wp-block-image size-large\"><img loading=\"lazy\" decoding=\"async\" width=\"1024\" height=\"961\" data-id=\"7569\" src=\"https:\/\/lasnoticiasconjoselecota.com\/v1\/wp-content\/uploads\/2024\/08\/1000201904-1024x961.jpg\" alt=\"\" class=\"wp-image-7569\" srcset=\"https:\/\/lasnoticiasconjoselecota.com\/v1\/wp-content\/uploads\/2024\/08\/1000201904-1024x961.jpg 1024w, https:\/\/lasnoticiasconjoselecota.com\/v1\/wp-content\/uploads\/2024\/08\/1000201904-300x281.jpg 300w, https:\/\/lasnoticiasconjoselecota.com\/v1\/wp-content\/uploads\/2024\/08\/1000201904-768x721.jpg 768w, https:\/\/lasnoticiasconjoselecota.com\/v1\/wp-content\/uploads\/2024\/08\/1000201904.jpg 1280w\" sizes=\"auto, (max-width: 1024px) 100vw, 1024px\" \/><\/figure>\n<\/figure>\n","protected":false},"excerpt":{"rendered":"<p>Como parte de esta labor, la presidenta de la instituci\u00f3n, Lupita L\u00f3pez Gonz\u00e1lez, ha visitado recientemente el Ejido Tultita y El Salitre Guam\u00fachil, Sinaloa a 14 de agosto de 2024.-&hellip; <\/p>\n","protected":false},"author":3,"featured_media":7570,"comment_status":"open","ping_status":"closed","sticky":false,"template":"","format":"standard","meta":{"footnotes":""},"categories":[3],"tags":[],"class_list":["post-7566","post","type-post","status-publish","format-standard","has-post-thumbnail","hentry","category-locales"],"_links":{"self":[{"href":"https:\/\/lasnoticiasconjoselecota.com\/v1\/wp-json\/wp\/v2\/posts\/7566","targetHints":{"allow":["GET"]}}],"collection":[{"href":"https:\/\/lasnoticiasconjoselecota.com\/v1\/wp-json\/wp\/v2\/posts"}],"about":[{"href":"https:\/\/lasnoticiasconjoselecota.com\/v1\/wp-json\/wp\/v2\/types\/post"}],"author":[{"embeddable":true,"href":"https:\/\/lasnoticiasconjoselecota.com\/v1\/wp-json\/wp\/v2\/users\/3"}],"replies":[{"embeddable":true,"href":"https:\/\/lasnoticiasconjoselecota.com\/v1\/wp-json\/wp\/v2\/comments?post=7566"}],"version-history":[{"count":1,"href":"https:\/\/lasnoticiasconjoselecota.com\/v1\/wp-json\/wp\/v2\/posts\/7566\/revisions"}],"predecessor-version":[{"id":7571,"href":"https:\/\/lasnoticiasconjoselecota.com\/v1\/wp-json\/wp\/v2\/posts\/7566\/revisions\/7571"}],"wp:featuredmedia":[{"embeddable":true,"href":"https:\/\/lasnoticiasconjoselecota.com\/v1\/wp-json\/wp\/v2\/media\/7570"}],"wp:attachment":[{"href":"https:\/\/lasnoticiasconjoselecota.com\/v1\/wp-json\/wp\/v2\/media?parent=7566"}],"wp:term":[{"taxonomy":"category","embeddable":true,"href":"https:\/\/lasnoticiasconjoselecota.com\/v1\/wp-json\/wp\/v2\/categories?post=7566"},{"taxonomy":"post_tag","embeddable":true,"href":"https:\/\/lasnoticiasconjoselecota.com\/v1\/wp-json\/wp\/v2\/tags?post=7566"}],"curies":[{"name":"wp","href":"https:\/\/api.w.org\/{rel}","templated":true}]}}